{"id":131134,"date":"2014-10-30T00:12:42","date_gmt":"2014-10-30T00:12:42","guid":{"rendered":"http:\/\/www.fuldaer-nachrichten.de\/?p=131134"},"modified":"2014-10-29T11:12:36","modified_gmt":"2014-10-29T11:12:36","slug":"ein-tag-wie-die-profis-berufsfeuerwehrtag-der-stadtjugendfeuerwehr-fulda","status":"publish","type":"post","link":"https:\/\/www.fuldaernachrichten.de\/?p=131134","title":{"rendered":"Ein Tag wie die Profis   Berufsfeuerwehrtag der Stadtjugendfeuerwehr Fulda"},"content":{"rendered":"<p><a href=\"http:\/\/www.fuldaer-nachrichten.de\/wp-content\/uploads\/2014\/10\/Bild-7.jpg\"><img decoding=\"async\" class=\"alignleft size-thumbnail wp-image-131136\" src=\"http:\/\/www.fuldaer-nachrichten.de\/wp-content\/uploads\/2014\/10\/Bild-7-265x148.jpg\" alt=\"Bild (7)\" width=\"265\" height=\"148\" srcset=\"https:\/\/www.fuldaernachrichten.de\/wp-content\/uploads\/2014\/10\/Bild-7-265x148.jpg 265w, https:\/\/www.fuldaernachrichten.de\/wp-content\/uploads\/2014\/10\/Bild-7.jpg 600w\" sizes=\"(max-width: 265px) 100vw, 265px\" \/><\/a>Fulda. Der Beginn der Herbstferien war f\u00fcr einige Jugendfeuerwehrmitglieder aus der Stadt Fulda ein ganz besonderes Ereignis. Sie leisteten 24 Stunden lang \u201eDienst\u201c wie bei der Berufsfeuerwehr, nat\u00fcrlich mit allen was dazu geh\u00f6rt. Das Tagesprogramm bestand aus zahlreichen \u00dcbungen und Ausbildungseinheiten sowie mehrere \u00dcbungseins\u00e4tze, in denen die jungen Feuerwehrleute zeigen konnten, dass sie ihr Handwerk schon sehr gut beherrschen. So forderte, neben diverser anderer Szenarien, ein Verkehrsunfall die Jugendlichen besonders. Neben der Personenrettung und Versorgung der Patienten musste der ausgedehnte PKW-Brand unter Zuhilfenahme von Schaummittel abgel\u00f6scht werden. Eine weitere Herausforderung wartete gegen Nachmittag auf die Jugendlichen. <!--more--><\/p>\n<p><strong>\u00dcbung \u2013 Feuer im Mehrfamilienhaus<\/strong><\/p>\n<p><a href=\"http:\/\/www.fuldaer-nachrichten.de\/wp-content\/uploads\/2014\/10\/Bild-31.jpg\"><img fetchpriority=\"high\" decoding=\"async\" class=\"alignleft size-thumbnail wp-image-131135\" src=\"http:\/\/www.fuldaer-nachrichten.de\/wp-content\/uploads\/2014\/10\/Bild-31-265x198.jpg\" alt=\"Bild (3)\" width=\"265\" height=\"198\" srcset=\"https:\/\/www.fuldaernachrichten.de\/wp-content\/uploads\/2014\/10\/Bild-31-265x198.jpg 265w, https:\/\/www.fuldaernachrichten.de\/wp-content\/uploads\/2014\/10\/Bild-31.jpg 600w\" sizes=\"(max-width: 265px) 100vw, 265px\" \/><\/a>Unter dem Einsatzstichwort \u201eFeuer im Mehrfamilienhaus \u2013 Menschenleben in Gefahr\u201c r\u00fcckte die Jugendfeuerwehr mit allen ver-f\u00fcgbaren Kr\u00e4ften, vier L\u00f6schfahrzeugen, einem Teleskopmast und dem Rettungsdienst zur Einsatzstelle, die mitten im Fuldaer Ortsteil Harmerz war, aus. Aufgaben wie die Menschenrettung \u00fcber tragbare Leitern und den Teleskopmast, Absuchen der verrauchten R\u00e4umlichkeiten unter Atemschutz, die Brandbek\u00e4mpfung sowie die Sicherstellung der Wasserversorgung \u00fcber eine fast 500 m lange Schlauchleitung brachten alle Beteiligten ganz sch\u00f6n ins Schwitzen. Die Jugendlichen zeigten hier eindrucksvoll, dass sie bereits jetzt eine solch schwierige Einsatzlage mit vielf\u00e4ltigen Aufgaben sehr gut beherrschen.<\/p>\n<p>Die Jugendfeuerwehrleute waren bei allen Aufgaben immer mit voller Begeisterung bei der Sache, sodass die zahlreichen Ein-dr\u00fccke dieses ereignisreichen Tages allen sicher noch lange in guter Erinnerung bleiben werden.<\/p>\n<p>Die Jugendfeuerwehr der Stadt Fulda bietet allen 10 &#8211; 17 j\u00e4hrigen viel Action, Events und ein abwechslungsreiches Freizeitprogramm. In Fulda gibt es in fast jedem Stadtteil eine Jugendfeuerwehr \u2013 sicher auch in der N\u00e4he jeden interessierten Jugendlichen. Interessierte wenden sich bitten an die E-Mail-Adresse unter feuerwehr.jugend@fulda.de oder direkt an de \u00f6rtliche Jugend-feuerwehr vor Ort.<\/p>\n","protected":false},"excerpt":{"rendered":"<div class=\"tmnf_excerpt\"><p>Fulda. Der Beginn der Herbstferien war f\u00fcr einige Jugendfeuerwehrmitglieder aus der Stadt Fulda ein ganz besonderes Ereignis. Sie leisteten 24 Stunden lang \u201eDienst\u201c wie bei der Berufsfeuerwehr, nat\u00fcrlich mit allen was dazu geh\u00f6rt. Das Tagesprogramm bestand aus zahlreichen \u00dcbungen und Ausbildungseinheiten sowie mehrere \u00dcbungseins\u00e4tze, in denen die jungen Feuerwehrleute zeigen konnten, dass sie ihr Handwerk &hellip;<\/p>\n<\/div>","protected":false},"author":1,"featured_media":0,"comment_status":"closed","ping_status":"closed","sticky":false,"template":"","format":"standard","meta":{"footnotes":""},"categories":[1,71],"tags":[],"class_list":["post-131134","post","type-post","status-publish","format-standard","hentry","category-startseite","category-feuerwehr"],"_links":{"self":[{"href":"https:\/\/www.fuldaernachrichten.de\/index.php?rest_route=\/wp\/v2\/posts\/131134","targetHints":{"allow":["GET"]}}],"collection":[{"href":"https:\/\/www.fuldaernachrichten.de\/index.php?rest_route=\/wp\/v2\/posts"}],"about":[{"href":"https:\/\/www.fuldaernachrichten.de\/index.php?rest_route=\/wp\/v2\/types\/post"}],"author":[{"embeddable":true,"href":"https:\/\/www.fuldaernachrichten.de\/index.php?rest_route=\/wp\/v2\/users\/1"}],"replies":[{"embeddable":true,"href":"https:\/\/www.fuldaernachrichten.de\/index.php?rest_route=%2Fwp%2Fv2%2Fcomments&post=131134"}],"version-history":[{"count":1,"href":"https:\/\/www.fuldaernachrichten.de\/index.php?rest_route=\/wp\/v2\/posts\/131134\/revisions"}],"predecessor-version":[{"id":131137,"href":"https:\/\/www.fuldaernachrichten.de\/index.php?rest_route=\/wp\/v2\/posts\/131134\/revisions\/131137"}],"wp:attachment":[{"href":"https:\/\/www.fuldaernachrichten.de\/index.php?rest_route=%2Fwp%2Fv2%2Fmedia&parent=131134"}],"wp:term":[{"taxonomy":"category","embeddable":true,"href":"https:\/\/www.fuldaernachrichten.de\/index.php?rest_route=%2Fwp%2Fv2%2Fcategories&post=131134"},{"taxonomy":"post_tag","embeddable":true,"href":"https:\/\/www.fuldaernachrichten.de\/index.php?rest_route=%2Fwp%2Fv2%2Ftags&post=131134"}],"curies":[{"name":"wp","href":"https:\/\/api.w.org\/{rel}","templated":true}]}}