{"id":131055,"date":"2014-10-28T00:20:31","date_gmt":"2014-10-28T00:20:31","guid":{"rendered":"http:\/\/www.fuldaer-nachrichten.de\/?p=131055"},"modified":"2014-10-27T14:55:58","modified_gmt":"2014-10-27T14:55:58","slug":"swing-around-sing-along-mirko-reehs-weihnachts-koch-show","status":"publish","type":"post","link":"https:\/\/www.fuldaernachrichten.de\/?p=131055","title":{"rendered":"Swing around, sing along: Mirko Reehs Weihnachts-Koch-Show"},"content":{"rendered":"<p><a href=\"http:\/\/www.fuldaer-nachrichten.de\/wp-content\/uploads\/2014\/10\/Bastain-Korff_by-Markus-Hodapp.jpg\"><img fetchpriority=\"high\" decoding=\"async\" class=\"alignleft size-thumbnail wp-image-131056\" src=\"http:\/\/www.fuldaer-nachrichten.de\/wp-content\/uploads\/2014\/10\/Bastain-Korff_by-Markus-Hodapp-265x397.jpg\" alt=\"Bastain Korff_by Markus Hodapp\" width=\"265\" height=\"397\" srcset=\"https:\/\/www.fuldaernachrichten.de\/wp-content\/uploads\/2014\/10\/Bastain-Korff_by-Markus-Hodapp-265x397.jpg 265w, https:\/\/www.fuldaernachrichten.de\/wp-content\/uploads\/2014\/10\/Bastain-Korff_by-Markus-Hodapp-176x265.jpg 176w, https:\/\/www.fuldaernachrichten.de\/wp-content\/uploads\/2014\/10\/Bastain-Korff_by-Markus-Hodapp-400x600.jpg 400w, https:\/\/www.fuldaernachrichten.de\/wp-content\/uploads\/2014\/10\/Bastain-Korff_by-Markus-Hodapp.jpg 600w\" sizes=\"(max-width: 265px) 100vw, 265px\" \/><\/a>Frankfurt\/Main. Ein echtes Highlight im Vorweihnachtsstress ist die neue Weihnachts-Koch-Show in Mirko Reehs Kochschule im Herzen von Frankfurt am Main. Mit einem F\u00fcnf-Gang-Men\u00fc, korrespondierenden Weinen und weiteren Getr\u00e4nken verw\u00f6hnt der K\u00fcchenstar seine G\u00e4ste. Und die m\u00fcssen nat\u00fcrlich auch diesmal wieder mit Hand anlegen. Singen und Swingen d\u00fcrfen sie auch. Durch den Abend f\u00fchrt HR Moderator Bastian Korff. Gemeinsam mit Mirko Reeh sorgt der Profi vom Radio daf\u00fcr, dass die G\u00e4ste in Schwung kommen. Korffs Christmas Songs sind mitrei\u00dfend im wahrsten Sinne des Wortes. Und wenn Mirko dann zum Mikro greift, dann swingt die ganze K\u00fcche.<!--more--><\/p>\n<p>Weitere Infos und Termine unter <a href=\"http:\/\/www.mirko-reeh.com\">www.mirko-reeh.com<\/a>. F\u00fcr EUR 135,- ist man mit dabei. Am 1. Dezember geht\u00e2\u20ac\u2122s los. Insgesamt stehen acht Veranstaltungen auf dem Programm. Man kann solo, zu Zweit oder f\u00fcr die ganze Familie buchen. Gerne werden auch Geschenk-Gutscheine ausgestellt: als vorgezogenes Weihnachtsgeschenk, oder einfach so \u2013 als kleiner Lichtblick an grauen Wintertagen. Auch Firmen oder Gruppen bis zu 60 Personen k\u00f6nnen buchen und sich die Arbeit sparen, eine eigene Weihnachtsfeier auf die Beine zu stellen. Bei Mirko Reeh geht\u00e2\u20ac\u2122s k\u00f6stlich, festlich und garantiert beschwingt zu. \u201eDie Mischung macht\u00e2\u20ac\u2122s halt\u201c sagt der K\u00fcchenzauberer.<\/p>\n","protected":false},"excerpt":{"rendered":"<div class=\"tmnf_excerpt\"><p>Frankfurt\/Main. Ein echtes Highlight im Vorweihnachtsstress ist die neue Weihnachts-Koch-Show in Mirko Reehs Kochschule im Herzen von Frankfurt am Main. Mit einem F\u00fcnf-Gang-Men\u00fc, korrespondierenden Weinen und weiteren Getr\u00e4nken verw\u00f6hnt der K\u00fcchenstar seine G\u00e4ste. Und die m\u00fcssen nat\u00fcrlich auch diesmal wieder mit Hand anlegen. Singen und Swingen d\u00fcrfen sie auch. Durch den Abend f\u00fchrt HR Moderator &hellip;<\/p>\n<\/div>","protected":false},"author":1,"featured_media":0,"comment_status":"closed","ping_status":"closed","sticky":false,"template":"","format":"standard","meta":{"footnotes":""},"categories":[1,37],"tags":[],"class_list":["post-131055","post","type-post","status-publish","format-standard","hentry","category-startseite","category-essen-und-trinken"],"_links":{"self":[{"href":"https:\/\/www.fuldaernachrichten.de\/index.php?rest_route=\/wp\/v2\/posts\/131055","targetHints":{"allow":["GET"]}}],"collection":[{"href":"https:\/\/www.fuldaernachrichten.de\/index.php?rest_route=\/wp\/v2\/posts"}],"about":[{"href":"https:\/\/www.fuldaernachrichten.de\/index.php?rest_route=\/wp\/v2\/types\/post"}],"author":[{"embeddable":true,"href":"https:\/\/www.fuldaernachrichten.de\/index.php?rest_route=\/wp\/v2\/users\/1"}],"replies":[{"embeddable":true,"href":"https:\/\/www.fuldaernachrichten.de\/index.php?rest_route=%2Fwp%2Fv2%2Fcomments&post=131055"}],"version-history":[{"count":1,"href":"https:\/\/www.fuldaernachrichten.de\/index.php?rest_route=\/wp\/v2\/posts\/131055\/revisions"}],"predecessor-version":[{"id":131057,"href":"https:\/\/www.fuldaernachrichten.de\/index.php?rest_route=\/wp\/v2\/posts\/131055\/revisions\/131057"}],"wp:attachment":[{"href":"https:\/\/www.fuldaernachrichten.de\/index.php?rest_route=%2Fwp%2Fv2%2Fmedia&parent=131055"}],"wp:term":[{"taxonomy":"category","embeddable":true,"href":"https:\/\/www.fuldaernachrichten.de\/index.php?rest_route=%2Fwp%2Fv2%2Fcategories&post=131055"},{"taxonomy":"post_tag","embeddable":true,"href":"https:\/\/www.fuldaernachrichten.de\/index.php?rest_route=%2Fwp%2Fv2%2Ftags&post=131055"}],"curies":[{"name":"wp","href":"https:\/\/api.w.org\/{rel}","templated":true}]}}