{"id":130963,"date":"2014-10-24T07:39:37","date_gmt":"2014-10-24T07:39:37","guid":{"rendered":"http:\/\/www.fuldaer-nachrichten.de\/?p=130963"},"modified":"2014-10-24T07:39:37","modified_gmt":"2014-10-24T07:39:37","slug":"tegut-stellt-den-ersten-tee-in-deutschland-mit-dem-regionalfenster-vor","status":"publish","type":"post","link":"https:\/\/www.fuldaernachrichten.de\/?p=130963","title":{"rendered":"tegut\u00e2\u20ac\u00a6 stellt den ersten Tee in Deutschland mit dem Regionalfenster vor"},"content":{"rendered":"<p><a href=\"http:\/\/www.fuldaer-nachrichten.de\/wp-content\/uploads\/2014\/10\/Vorstellung-tegut\u00e2\u20ac\u00a6-Tee-Regionalfenster-Bundesminister-Schmidt-und-Produktmanagerin-G.-Feuerstein1.jpg\"><img decoding=\"async\" class=\"alignleft size-thumbnail wp-image-130965\" src=\"http:\/\/www.fuldaer-nachrichten.de\/wp-content\/uploads\/2014\/10\/Vorstellung-tegut\u00e2\u20ac\u00a6-Tee-Regionalfenster-Bundesminister-Schmidt-und-Produktmanagerin-G.-Feuerstein1-265x176.jpg\" alt=\"Vorstellung tegut\u00e2\u20ac\u00a6 Tee -Regionalfenster Bundesminister Schmidt und Produktmanagerin G. Feuerstein\" width=\"265\" height=\"176\" \/><\/a>Fulda. Seit Januar 2014 f\u00fchrt tegut\u00e2\u20ac\u00a6 unter seiner Eigenmarke einige der bundesweit ersten Produkte mit dem Regionalfenster im Sortiment. \u201eNun pr\u00e4sentieren wir stolz die ersten Teesorten in Deutschland, die das Regionalfenster tragen\u201c, verr\u00e4t Giannina Feuerstein, Produktmanagerin der tegut\u00e2\u20ac\u00a6 Eigenmarken. \u201eTransparenz schafft das n\u00f6tige Vertrauen, auf das es bei der regionalen Vermarktung ankommt\u201c, zeigte Christian Schmidt, Bundesminister f\u00fcr Ern\u00e4hrung und Landwirtschaft am 14. Oktober in Berlin auf.<!--more--><\/p>\n<p>Seit Januar 2014 baut tegut\u00e2\u20ac\u00a6 seine Eigenmarken, die mit dem Regionalfenster versehen sind, kontinuierlich aus. \u201eBegonnen haben wir mit regionalen Eiern der tegut\u00e2\u20ac\u00a6 Eigenmarke. \u201eDenn gerade bei Eiern besteht seitens der Kunden ein gro\u00dfes Bed\u00fcrfnis zu erfahren, wo die Produkte herkommen. Das sind Authentizit\u00e4t und Regionalit\u00e4t pur\u201c, erg\u00e4nzt Feuerstein. Derzeit kennzeichnet tegut\u00e2\u20ac\u00a6 knapp 50 Produkte mit dem Regionalfenster. \u201eDie Gespr\u00e4che und Umstellungen zusammen mit den Lieferanten sind immer eine Herausforderung \u2013 die alle Beteiligten gerne annehmen. Denn das Regionalfenster erg\u00e4nzt unseren Begriff von Regionalit\u00e4t auf sinnvolle Art, da wir nun auch Produkte kennzeichnen k\u00f6nnen, die au\u00dferhalb der von uns festgelegten tegut\u00e2\u20ac\u00a6 Region erzeugt wurden. Auf diese Weise k\u00f6nnen die tegut\u00e2\u20ac\u00a6 Kunden f\u00fcr sich selbst definieren, welche Entfernung f\u00fcr sie Regionalit\u00e4t bedeutet\u201c, so Andreas Petke, Leiter Qualit\u00e4t und Umwelt bei tegut\u00e2\u20ac\u00a6<\/p>\n<p>Ganz aktuell bietet tegut\u00e2\u20ac\u00a6 als erster Lebensmitteleinzelh\u00e4ndler in Deutschland nun auch Tee mit dem Regionalfenster an. \u201etegut\u00e2\u20ac\u00a6 legt seinen Fokus ganz klar auf Regionalit\u00e4t und da lag es nahe, die Rohstoffe f\u00fcr die Sorten Kamille und Pfefferminz ausschlie\u00dflich von heimischen Lieferanten zu beziehen\u201c, so Feuerstein. Die Kamillenbl\u00fcten kommen aus Th\u00fcringen und die Pfefferminze aus Bayern, beide Tees werden in Th\u00fcringen, Ritschenhausen verarbeitet. \u201eDer Zuspruch der Kunden bekr\u00e4ftigt uns \u00fcber das ganze Sortiment Regionalit\u00e4t zu f\u00f6rdern. Derzeit ist die Umsetzung und Kennzeichnung von weiteren 20 Produkten geplant\u201c, wagt Petke zum Abschluss des Gespr\u00e4ches einen Ausblick in die Zukunft.<\/p>\n<p>Das Regionalfenster definiert eine freiwillige bundesweit einheitliche Kennzeichnung von regionalen Produkten. Ein mehrstufiges Kontrollsystem sorgt f\u00fcr Sicherheit und Transparenz. Der Verbraucher erkennt mit einem Blick auf das Fenster, wo die wichtigsten Zutaten herkommen.<br \/>\nWeiterf\u00fchrende Informationen zum Regionalfenster finden Sie unter:<br \/>\nhttp:\/\/www.bmelv.de\/SharedDocs\/Pressemitteilungen\/2013\/257-AI-Regionalfenster.html;jsessionid=91C82CF807FD8628D45BBAE1CA21A84A.2_cid288<br \/>\nhttp:\/\/www.regionalfenster.de\/<\/p>\n","protected":false},"excerpt":{"rendered":"<div class=\"tmnf_excerpt\"><p>Fulda. Seit Januar 2014 f\u00fchrt tegut\u00e2\u20ac\u00a6 unter seiner Eigenmarke einige der bundesweit ersten Produkte mit dem Regionalfenster im Sortiment. \u201eNun pr\u00e4sentieren wir stolz die ersten Teesorten in Deutschland, die das Regionalfenster tragen\u201c, verr\u00e4t Giannina Feuerstein, Produktmanagerin der tegut\u00e2\u20ac\u00a6 Eigenmarken. \u201eTransparenz schafft das n\u00f6tige Vertrauen, auf das es bei der regionalen Vermarktung ankommt\u201c, zeigte Christian Schmidt, &hellip;<\/p>\n<\/div>","protected":false},"author":1,"featured_media":0,"comment_status":"closed","ping_status":"closed","sticky":false,"template":"","format":"standard","meta":{"footnotes":""},"categories":[1,37],"tags":[],"class_list":["post-130963","post","type-post","status-publish","format-standard","hentry","category-startseite","category-essen-und-trinken"],"_links":{"self":[{"href":"https:\/\/www.fuldaernachrichten.de\/index.php?rest_route=\/wp\/v2\/posts\/130963","targetHints":{"allow":["GET"]}}],"collection":[{"href":"https:\/\/www.fuldaernachrichten.de\/index.php?rest_route=\/wp\/v2\/posts"}],"about":[{"href":"https:\/\/www.fuldaernachrichten.de\/index.php?rest_route=\/wp\/v2\/types\/post"}],"author":[{"embeddable":true,"href":"https:\/\/www.fuldaernachrichten.de\/index.php?rest_route=\/wp\/v2\/users\/1"}],"replies":[{"embeddable":true,"href":"https:\/\/www.fuldaernachrichten.de\/index.php?rest_route=%2Fwp%2Fv2%2Fcomments&post=130963"}],"version-history":[{"count":1,"href":"https:\/\/www.fuldaernachrichten.de\/index.php?rest_route=\/wp\/v2\/posts\/130963\/revisions"}],"predecessor-version":[{"id":130966,"href":"https:\/\/www.fuldaernachrichten.de\/index.php?rest_route=\/wp\/v2\/posts\/130963\/revisions\/130966"}],"wp:attachment":[{"href":"https:\/\/www.fuldaernachrichten.de\/index.php?rest_route=%2Fwp%2Fv2%2Fmedia&parent=130963"}],"wp:term":[{"taxonomy":"category","embeddable":true,"href":"https:\/\/www.fuldaernachrichten.de\/index.php?rest_route=%2Fwp%2Fv2%2Fcategories&post=130963"},{"taxonomy":"post_tag","embeddable":true,"href":"https:\/\/www.fuldaernachrichten.de\/index.php?rest_route=%2Fwp%2Fv2%2Ftags&post=130963"}],"curies":[{"name":"wp","href":"https:\/\/api.w.org\/{rel}","templated":true}]}}