{"id":130840,"date":"2014-10-21T00:32:39","date_gmt":"2014-10-21T00:32:39","guid":{"rendered":"http:\/\/www.fuldaer-nachrichten.de\/?p=130840"},"modified":"2014-10-21T07:35:46","modified_gmt":"2014-10-21T07:35:46","slug":"kindertagesstaettenfachberatung-des-landkreises-erweitert-ihr-beratungsangebot-zum-hessi-schen-bildungs-und-erziehungsplan","status":"publish","type":"post","link":"https:\/\/www.fuldaernachrichten.de\/?p=130840","title":{"rendered":"Kindertagesst\u00e4ttenfachberatung des Landkreises erweitert ihr Beratungsangebot zum Hessischen Bildungs- und Erziehungsplan"},"content":{"rendered":"<p><a href=\"http:\/\/www.fuldaer-nachrichten.de\/wp-content\/uploads\/2014\/10\/508-BEP.jpg\"><img fetchpriority=\"high\" decoding=\"async\" class=\"alignnone size-full wp-image-130841\" src=\"http:\/\/www.fuldaer-nachrichten.de\/wp-content\/uploads\/2014\/10\/508-BEP.jpg\" alt=\"508-BEP\" width=\"560\" height=\"370\" \/><\/a><br \/>\nFulda. \u201eBildung von Anfang an\u201c lautet die Headline auf dem Deckblatt des Hessischen Bildungs- und Erziehungsplanes (BEP). Der Plan, der knapp 150 Seiten umfasst, widmet sich den ersten, lernintensivsten zehn Lebensjahren von Kindern. In hessischen Kindertagesst\u00e4tten und Grundschulen wird er seit 2008\/2009 sukzessive umgesetzt. Seit Anfang dieses Jahres gibt es eine BEP Fachberatung beim Landkreis Fulda. Ein neues Angebot, das inzwischen bereits von 40 kommunalen Einrichtungen im Landkreis in Anspruch genommen worden ist.<\/p>\n<p>Foto: Marzena Traber<!--more--><\/p>\n<p>\u201eJedes Kind m\u00f6glichst fr\u00fch, m\u00f6glichst optimal und m\u00f6glichst nachhaltig zu f\u00f6rdern, ist das Ziel der hessischen Landesregierung. Ziel des Hessischen Bildungs- und Erziehungsplanes ist die Optimierung der Bildungs-chancen f\u00fcr die heranwachsende Generation\u201c, erkl\u00e4rt Dipl. Sozialp\u00e4dagogin Karin Wachtel- Petschenka, die gemeinsam mit ihren beiden Kolleginnen Manuela Bienert und Katrin Kister die qualifizierte Fachberatung in den Kindertageseinrichtungen durchf\u00fchrt. Sechs Grunds\u00e4tze und Prinzipien des Bildungs- und Erziehungsplanes bilden dabei die Basis der Fachberatung. Teamfortbildungen, Leiterinnenberatung und sogar die Mitwirkung an Elternabenden in den Einrichtungen erm\u00f6glicht die BEP Fachberatung des Landkreises Fulda.<\/p>\n<p>\u201eDer BEP r\u00fcckt die Kinder und Eltern mehr in den Fokus des Bildungsprozesses, indem sie den Alltag in den Kindertagesst\u00e4tten aktiv mit-gestalten. Die Erzieherinnen sind wieder mehr in der anleitenden, beobachtenden und begleitenden Rolle\u201c, erl\u00e4utert Sozialp\u00e4dagogin Manuela Bienert.<\/p>\n<p>Die Beraterinnen bringen nicht nur ein umfangreiches fachliches Wissen zum Bildungs- und Erziehungsplan mit in die Einrichtungen, sondern auch einen neutralen Au\u00dfenblick. \u201eWir k\u00f6nnen die Arbeit der Kindertagesst\u00e4tten neu reflektieren, mit den Leiterinnen und dem gesamten Team herausarbeiten, wie viel BEP eigentlich schon in der t\u00e4glichen Arbeit passiert und an welchen Stellen, bzw. mit welchen Schwerpunkten der Bildungs- und Erziehungsplan sinnvoll in das Gesamtkonzept der Einrichtung einflie\u00dfen kann\u201c, erkl\u00e4rt Sozialp\u00e4dagogin Katrin Kister.<\/p>\n<p>Das Feedback der Einrichtungen, die in diesem Jahr die BEP Fachberatung bereits in Anspruch genommen haben, war durchweg positiv. \u201eDie Teams freuen sich, dass es Zeit und Raum gibt, sich \u00fcber das Thema auszutauschen. Dass es eine R\u00fcckmeldung zu dem gibt, was schon geleistet wurde und dass die Einrichtungen auch neue Impulse bekommen, wie sie den BEP vor Ort umsetzen und neue Perspektiven entwickeln k\u00f6nnen\u201c, so die Fachberaterinnen.<\/p>\n<p>Da die Umsetzung des Bildungs- und Erziehungsplanes als ein kontinuierlicher und l\u00e4ngerfristiger Prozess verstanden wird, kommen die BEP-Fachberaterinnen auf Wunsch auch mehrmals im Jahr in die Einrichtungen. \u201eWir haben jetzt schon die ersten Anfragen von einzelnen Gemeinden, die unser Angebot f\u00fcr 2015 fest gebucht haben und freuen uns nat\u00fcrlich sehr \u00fcber weitere Anmeldungen\u201c, so das Beraterinnen-Team. +++ (Dorit Heydenreich)<\/p>\n<p>Kontakt: BEP Fachberatung, Karin Wachtel-Petschenka (Gebiet Ost-Rh\u00f6n) Telefon: 0661\/6006-517 Katrin Kister 0661\/6006-373 und Manuela Bienert (Gebiet S\u00fcd-West) Telefon: 0661\/6006-314 E-Mail: kita@landkreis-fulda.de<\/p>\n","protected":false},"excerpt":{"rendered":"<div class=\"tmnf_excerpt\"><p>Fulda. \u201eBildung von Anfang an\u201c lautet die Headline auf dem Deckblatt des Hessischen Bildungs- und Erziehungsplanes (BEP). Der Plan, der knapp 150 Seiten umfasst, widmet sich den ersten, lernintensivsten zehn Lebensjahren von Kindern. In hessischen Kindertagesst\u00e4tten und Grundschulen wird er seit 2008\/2009 sukzessive umgesetzt. Seit Anfang dieses Jahres gibt es eine BEP Fachberatung beim Landkreis &hellip;<\/p>\n<\/div>","protected":false},"author":1,"featured_media":0,"comment_status":"closed","ping_status":"closed","sticky":false,"template":"","format":"standard","meta":{"footnotes":""},"categories":[1,72,78],"tags":[],"class_list":["post-130840","post","type-post","status-publish","format-standard","hentry","category-startseite","category-jugend","category-topthema"],"_links":{"self":[{"href":"https:\/\/www.fuldaernachrichten.de\/index.php?rest_route=\/wp\/v2\/posts\/130840","targetHints":{"allow":["GET"]}}],"collection":[{"href":"https:\/\/www.fuldaernachrichten.de\/index.php?rest_route=\/wp\/v2\/posts"}],"about":[{"href":"https:\/\/www.fuldaernachrichten.de\/index.php?rest_route=\/wp\/v2\/types\/post"}],"author":[{"embeddable":true,"href":"https:\/\/www.fuldaernachrichten.de\/index.php?rest_route=\/wp\/v2\/users\/1"}],"replies":[{"embeddable":true,"href":"https:\/\/www.fuldaernachrichten.de\/index.php?rest_route=%2Fwp%2Fv2%2Fcomments&post=130840"}],"version-history":[{"count":2,"href":"https:\/\/www.fuldaernachrichten.de\/index.php?rest_route=\/wp\/v2\/posts\/130840\/revisions"}],"predecessor-version":[{"id":130843,"href":"https:\/\/www.fuldaernachrichten.de\/index.php?rest_route=\/wp\/v2\/posts\/130840\/revisions\/130843"}],"wp:attachment":[{"href":"https:\/\/www.fuldaernachrichten.de\/index.php?rest_route=%2Fwp%2Fv2%2Fmedia&parent=130840"}],"wp:term":[{"taxonomy":"category","embeddable":true,"href":"https:\/\/www.fuldaernachrichten.de\/index.php?rest_route=%2Fwp%2Fv2%2Fcategories&post=130840"},{"taxonomy":"post_tag","embeddable":true,"href":"https:\/\/www.fuldaernachrichten.de\/index.php?rest_route=%2Fwp%2Fv2%2Ftags&post=130840"}],"curies":[{"name":"wp","href":"https:\/\/api.w.org\/{rel}","templated":true}]}}