{"id":130832,"date":"2014-10-21T07:27:40","date_gmt":"2014-10-21T07:27:40","guid":{"rendered":"http:\/\/www.fuldaer-nachrichten.de\/?p=130832"},"modified":"2014-10-21T07:27:40","modified_gmt":"2014-10-21T07:27:40","slug":"finanzierung-der-pflegeversicherung-vortrag-von-prof-dr-heinz-rothgang","status":"publish","type":"post","link":"https:\/\/www.fuldaernachrichten.de\/?p=130832","title":{"rendered":"Finanzierung der Pflegeversicherung &#8211; Vortrag von Prof. Dr. Heinz Rothgang"},"content":{"rendered":"<p>Fulda. Am heutigen Dienstag, 21. Oktober, spricht Prof. Dr. Heinz Rothgang, Professor f\u00fcr Gesundheits\u00f6konomie an der Universit\u00e4t Bremen \u00fcber die Perspektiven f\u00fcr eine nachhaltigere Finanzierung der sozialen Pflegeversicherung. Die Veranstaltung, zu der auch die interessierte \u00d6ffentlichkeit eingeladen ist, findet von 18.00 bis 20.00 Uhr im Fulda Transfer, Heinrich-von-Bibra-Platz 1a im Veranstaltungssaal statt. Rothgang analysiert au\u00dferdem die Ans\u00e4tze zur individuellen (&#8220;Pflege-Bahr\u201c) und kollektiven (&#8220;Pflegevorsorgefonds&#8221;) Kapitaldeckung in der Pflegeversicherung und Schnittstellenprobleme zu anderen Sozialversicherungssystemen. Kommentiert wird der Vortrag von Prof. Dr. Klaus Stegm\u00fcller, Professor f\u00fcr organisatorische und institutionelle Bedingungen der Pflege am Fachbereich Pflege und Gesundheit der Hochschule Fulda.<!--more--><\/p>\n<p>Diese Veranstaltung bildet den Auftakt der neuen Reihe \u201eAktuelle Fragen in Gesundheitsrecht und Gesundheitspolitik\u201c der Arbeitsgruppe Gesundheit und Pflege des FoSS (Forschungsverbund f\u00fcr Sozialrecht und Sozialpolitik). FoSS ist eine gemeinsame Einrichtung der Hochschule Fulda und der Universit\u00e4t Kassel.<\/p>\n","protected":false},"excerpt":{"rendered":"<div class=\"tmnf_excerpt\"><p>Fulda. Am heutigen Dienstag, 21. Oktober, spricht Prof. Dr. Heinz Rothgang, Professor f\u00fcr Gesundheits\u00f6konomie an der Universit\u00e4t Bremen \u00fcber die Perspektiven f\u00fcr eine nachhaltigere Finanzierung der sozialen Pflegeversicherung. Die Veranstaltung, zu der auch die interessierte \u00d6ffentlichkeit eingeladen ist, findet von 18.00 bis 20.00 Uhr im Fulda Transfer, Heinrich-von-Bibra-Platz 1a im Veranstaltungssaal statt. Rothgang analysiert au\u00dferdem &hellip;<\/p>\n<\/div>","protected":false},"author":1,"featured_media":0,"comment_status":"closed","ping_status":"closed","sticky":false,"template":"","format":"standard","meta":{"footnotes":""},"categories":[1,48],"tags":[],"class_list":["post-130832","post","type-post","status-publish","format-standard","hentry","category-startseite","category-forschung"],"_links":{"self":[{"href":"https:\/\/www.fuldaernachrichten.de\/index.php?rest_route=\/wp\/v2\/posts\/130832","targetHints":{"allow":["GET"]}}],"collection":[{"href":"https:\/\/www.fuldaernachrichten.de\/index.php?rest_route=\/wp\/v2\/posts"}],"about":[{"href":"https:\/\/www.fuldaernachrichten.de\/index.php?rest_route=\/wp\/v2\/types\/post"}],"author":[{"embeddable":true,"href":"https:\/\/www.fuldaernachrichten.de\/index.php?rest_route=\/wp\/v2\/users\/1"}],"replies":[{"embeddable":true,"href":"https:\/\/www.fuldaernachrichten.de\/index.php?rest_route=%2Fwp%2Fv2%2Fcomments&post=130832"}],"version-history":[{"count":1,"href":"https:\/\/www.fuldaernachrichten.de\/index.php?rest_route=\/wp\/v2\/posts\/130832\/revisions"}],"predecessor-version":[{"id":130833,"href":"https:\/\/www.fuldaernachrichten.de\/index.php?rest_route=\/wp\/v2\/posts\/130832\/revisions\/130833"}],"wp:attachment":[{"href":"https:\/\/www.fuldaernachrichten.de\/index.php?rest_route=%2Fwp%2Fv2%2Fmedia&parent=130832"}],"wp:term":[{"taxonomy":"category","embeddable":true,"href":"https:\/\/www.fuldaernachrichten.de\/index.php?rest_route=%2Fwp%2Fv2%2Fcategories&post=130832"},{"taxonomy":"post_tag","embeddable":true,"href":"https:\/\/www.fuldaernachrichten.de\/index.php?rest_route=%2Fwp%2Fv2%2Ftags&post=130832"}],"curies":[{"name":"wp","href":"https:\/\/api.w.org\/{rel}","templated":true}]}}