{"id":130830,"date":"2014-10-21T07:25:43","date_gmt":"2014-10-21T07:25:43","guid":{"rendered":"http:\/\/www.fuldaer-nachrichten.de\/?p=130830"},"modified":"2014-10-21T07:25:43","modified_gmt":"2014-10-21T07:25:43","slug":"startschuss-fuer-groesste-gastronomie-messe-in-hessen-gv-gast","status":"publish","type":"post","link":"https:\/\/www.fuldaernachrichten.de\/?p=130830","title":{"rendered":"Startschuss f\u00fcr gr\u00f6\u00dfte Gastronomie-Messe in Hessen  \u201eGV &#038; Gast\u201c"},"content":{"rendered":"<p>Fulda. Schmackhaft zubereitete Snacks am Frontcooking-Buffet, duftende Backwaren, farbenfrohe Dessert-K\u00f6stlichkeiten, delikate Lik\u00f6re und frisches Obst und Gem\u00fcse direkt vom Feld: Zur diesj\u00e4hrigen GV &amp; Gast-Messe l\u00e4dt das Team der Wehner Groma Interessierte am Dienstag, 28. Oktober in der Zeit von 09:00 bis 18:00 Uhr in die Fuldaer Esperantohalle ein. Auf 4 500 Quadratmetern werden den Besuchern von frischen Lebensmitteln \u00fcber Tiefk\u00fchlware bis hin zu Gastronomieausstattung bereits zum sechsten Mal zahlreiche Neuerungen von rund 150 Ausstellern in einem breiten Produktsortiment pr\u00e4sentiert. Die GV &amp; Gast gilt als eine der gr\u00f6\u00dften deutschen Fachmessen f\u00fcr Gastronomie, Hotellerie, Gro\u00dfverbraucher und Handel. <!--more--><\/p>\n<p>In diesem Jahr werden gleich drei Schwerpunkte gesetzt: Im Blickpunkt stehen die Bereiche Frische, Spirituosen sowie ein mediterraner Marktplatz. Mit von der Partie sind ebenfalls langj\u00e4hrige Partner wie die Intergast und die K\u00f6chevereine Rh\u00f6n-Grabfeld, Schmalkalden-Meiningen und Fulda, die f\u00fcr die Messebesucher an einem Frontcooking-Buffet regionale Gerichte zubereiten. Als besonderes Highlight ist der renommierte Spirituosenexperte Bernhard Sch\u00e4fer vor Ort, der die Messebesucher im Bar- und Cocktailbereich \u00fcber edle Schn\u00e4pse und Lik\u00f6re aus aller Welt informiert.<\/p>\n<p>Weitere Infos erhalten Interessierte unter <a href=\"http:\/\/www.gvundgast.de\">www.gvundgast.de<\/a>.<\/p>\n","protected":false},"excerpt":{"rendered":"<div class=\"tmnf_excerpt\"><p>Fulda. Schmackhaft zubereitete Snacks am Frontcooking-Buffet, duftende Backwaren, farbenfrohe Dessert-K\u00f6stlichkeiten, delikate Lik\u00f6re und frisches Obst und Gem\u00fcse direkt vom Feld: Zur diesj\u00e4hrigen GV &amp; Gast-Messe l\u00e4dt das Team der Wehner Groma Interessierte am Dienstag, 28. Oktober in der Zeit von 09:00 bis 18:00 Uhr in die Fuldaer Esperantohalle ein. Auf 4 500 Quadratmetern werden den &hellip;<\/p>\n<\/div>","protected":false},"author":1,"featured_media":0,"comment_status":"closed","ping_status":"closed","sticky":false,"template":"","format":"standard","meta":{"footnotes":""},"categories":[1,37],"tags":[],"class_list":["post-130830","post","type-post","status-publish","format-standard","hentry","category-startseite","category-essen-und-trinken"],"_links":{"self":[{"href":"https:\/\/www.fuldaernachrichten.de\/index.php?rest_route=\/wp\/v2\/posts\/130830","targetHints":{"allow":["GET"]}}],"collection":[{"href":"https:\/\/www.fuldaernachrichten.de\/index.php?rest_route=\/wp\/v2\/posts"}],"about":[{"href":"https:\/\/www.fuldaernachrichten.de\/index.php?rest_route=\/wp\/v2\/types\/post"}],"author":[{"embeddable":true,"href":"https:\/\/www.fuldaernachrichten.de\/index.php?rest_route=\/wp\/v2\/users\/1"}],"replies":[{"embeddable":true,"href":"https:\/\/www.fuldaernachrichten.de\/index.php?rest_route=%2Fwp%2Fv2%2Fcomments&post=130830"}],"version-history":[{"count":1,"href":"https:\/\/www.fuldaernachrichten.de\/index.php?rest_route=\/wp\/v2\/posts\/130830\/revisions"}],"predecessor-version":[{"id":130831,"href":"https:\/\/www.fuldaernachrichten.de\/index.php?rest_route=\/wp\/v2\/posts\/130830\/revisions\/130831"}],"wp:attachment":[{"href":"https:\/\/www.fuldaernachrichten.de\/index.php?rest_route=%2Fwp%2Fv2%2Fmedia&parent=130830"}],"wp:term":[{"taxonomy":"category","embeddable":true,"href":"https:\/\/www.fuldaernachrichten.de\/index.php?rest_route=%2Fwp%2Fv2%2Fcategories&post=130830"},{"taxonomy":"post_tag","embeddable":true,"href":"https:\/\/www.fuldaernachrichten.de\/index.php?rest_route=%2Fwp%2Fv2%2Ftags&post=130830"}],"curies":[{"name":"wp","href":"https:\/\/api.w.org\/{rel}","templated":true}]}}