{"id":13064,"date":"2008-10-25T01:14:25","date_gmt":"2008-10-24T23:14:25","guid":{"rendered":"http:\/\/www.schoene-nachrichten.de\/?p=13064"},"modified":"2008-10-25T01:14:25","modified_gmt":"2008-10-24T23:14:25","slug":"jugendfeuerwehr-aus-der-tradition-der-zukunft-verpflichtet","status":"publish","type":"post","link":"https:\/\/www.fuldaernachrichten.de\/?p=13064","title":{"rendered":"Jugendfeuerwehr aus der Tradition der Zukunft verpflichtet"},"content":{"rendered":"<p><a rel=\"lightbox[roadtrip]\" href=\"http:\/\/www.schoene-nachrichten.de\/wp-content\/uploads\/2008\/10\/081024-feuer-1.jpg\" target=\"_blank\"><img decoding=\"async\" class=\"alignnone size-thumbnail wp-image-13065\" title=\"081024-feuer-1\" src=\"http:\/\/www.schoene-nachrichten.de\/wp-content\/uploads\/2008\/10\/081024-feuer-1-128x85.jpg\" alt=\"\" hspace=\"5\" width=\"128\" height=\"85\" align=\"left\" srcset=\"https:\/\/www.fuldaernachrichten.de\/wp-content\/uploads\/2008\/10\/081024-feuer-1-128x85.jpg 128w, https:\/\/www.fuldaernachrichten.de\/wp-content\/uploads\/2008\/10\/081024-feuer-1.jpg 600w\" sizes=\"(max-width: 128px) 100vw, 128px\" \/><\/a><strong>Fulda. <\/strong>Die Kreisjugendfeuerwehr Fulda hat die Nase vorn, wenn es um die Zukunft der Jugendfeuerwehren und Feuerwehren im l\u00e4ndlichen Raum geht und m\u00f6chte den Zug in die Zukunft auf keinen Fall verpassen. Aus diesem Grund haben sich Jugendforum und Kreisjugendfeuerwehrausschuss im Rahmen des Come-in-Contract \u2013 Projekts des Deutschen Bundesjugendringes mit einer Zukunftswerkstatt ins Jahr 2025 gewagt. Die momentane Entwicklung ist bei allen Politikern in aller Munde, aber wie geht es denn wirklich weiter? Der Landkreis Fulda wir wahrscheinlich relativ gut davon kommen, so sagen es die vorliegenden Statistiken. Man m\u00f6chte sich jedoch nicht ausruhen und m\u00f6glichen Problemen fr\u00fchzeitig entgegen wirken. <!--more-->Zu einer Diskussionsveranstaltung trafen sich am 21. Oktober 2008 zahlreiche B\u00fcrgermeister und politisch Verantwortliche der St\u00e4dte und Gemeinden des Landkreises Fulda sowie die Leiter der Feuerwehren mit ihren Stadt- bzw. Gemeindejugendfeuerwehrwarten und den Jugendsprechern im Deutschen Feuerwehrmuseum in Fulda.<\/p>\n<p>Verschiedene Faktoren mit denen die Freiwilligen Feuerwehren im Ehrenamt jeden Tag zu tun haben, wurde beleuchtet und verglichen. Die Politischen Ansichten vertraten daraufhin der 1. Kreisbeigeordnete Dr. Heiko Wingenfeld, B\u00fcrgermeister Marcus Schaft aus Hofbieber sowie die Rathauschefin aus Gro\u00dfenl\u00fcder Silvia Hillenbrand.<br \/>\nDas Projekt selbst wurde durch den stellvertretenden Kreisjugendfeuerwehrwart Michael Knoth und die Kreisjugendsprecherinnen Sophia Otterbein und Nadine Hahner begleitet.<br \/>\n<img decoding=\"async\" class=\"alignnone size-thumbnail wp-image-13067\" title=\"081024-feuer-2\" src=\"http:\/\/www.schoene-nachrichten.de\/wp-content\/uploads\/2008\/10\/081024-feuer-2-128x85.jpg\" alt=\"\" width=\"128\" height=\"85\" srcset=\"https:\/\/www.fuldaernachrichten.de\/wp-content\/uploads\/2008\/10\/081024-feuer-2-128x85.jpg 128w, https:\/\/www.fuldaernachrichten.de\/wp-content\/uploads\/2008\/10\/081024-feuer-2.jpg 600w\" sizes=\"(max-width: 128px) 100vw, 128px\" \/> <a rel=\"lightbox[roadtrip]\" href=\"http:\/\/www.schoene-nachrichten.de\/wp-content\/uploads\/2008\/10\/081024-feuer-3.jpg\" target=\"_blank\"><img decoding=\"async\" class=\"alignnone size-thumbnail wp-image-13068\" title=\"081024-feuer-3\" src=\"http:\/\/www.schoene-nachrichten.de\/wp-content\/uploads\/2008\/10\/081024-feuer-3-128x85.jpg\" alt=\"\" width=\"128\" height=\"85\" srcset=\"https:\/\/www.fuldaernachrichten.de\/wp-content\/uploads\/2008\/10\/081024-feuer-3-128x85.jpg 128w, https:\/\/www.fuldaernachrichten.de\/wp-content\/uploads\/2008\/10\/081024-feuer-3.jpg 600w\" sizes=\"(max-width: 128px) 100vw, 128px\" \/><\/a> <a rel=\"lightbox[roadtrip]\" href=\"http:\/\/www.schoene-nachrichten.de\/wp-content\/uploads\/2008\/10\/081024-feuer-4.jpg\" target=\"_blank\"><img loading=\"lazy\" decoding=\"async\" class=\"alignnone size-thumbnail wp-image-13069\" title=\"081024-feuer-4\" src=\"http:\/\/www.schoene-nachrichten.de\/wp-content\/uploads\/2008\/10\/081024-feuer-4-128x85.jpg\" alt=\"\" width=\"128\" height=\"85\" srcset=\"https:\/\/www.fuldaernachrichten.de\/wp-content\/uploads\/2008\/10\/081024-feuer-4-128x85.jpg 128w, https:\/\/www.fuldaernachrichten.de\/wp-content\/uploads\/2008\/10\/081024-feuer-4.jpg 600w\" sizes=\"(max-width: 128px) 100vw, 128px\" \/><\/a> <a rel=\"lightbox[roadtrip]\" href=\"http:\/\/www.schoene-nachrichten.de\/wp-content\/uploads\/2008\/10\/081024-feuer-5.jpg\" target=\"_blank\"><img loading=\"lazy\" decoding=\"async\" class=\"alignnone size-thumbnail wp-image-13070\" title=\"081024-feuer-5\" src=\"http:\/\/www.schoene-nachrichten.de\/wp-content\/uploads\/2008\/10\/081024-feuer-5-128x85.jpg\" alt=\"\" width=\"128\" height=\"85\" srcset=\"https:\/\/www.fuldaernachrichten.de\/wp-content\/uploads\/2008\/10\/081024-feuer-5-128x85.jpg 128w, https:\/\/www.fuldaernachrichten.de\/wp-content\/uploads\/2008\/10\/081024-feuer-5.jpg 600w\" sizes=\"(max-width: 128px) 100vw, 128px\" \/><\/a><br \/>\n<strong>Die \u201eZeit\u201c ist wertvoll!<\/strong><br \/>\nIm ersten Abschnitt verfolgte man den Faktor \u201eZeit\u201c. Jeder Mensch geht seinen Verpflichtungen nach. Termine stehen fest oder werden durch Mitmenschen festgelegt. Ein Ehrenamt bedeutet Mehraufwand und kostbare Freizeit wird in Anspruch genommen. Um den Jugendlichen die M\u00f6glichkeit zu geben sich ehrenamtlich zu engagieren sollte ihnen eine Zeitersparnis einger\u00e4umt werden. Die Arbeitsgruppe der Kreisjugendfeuerwehr kam zum Ergebnis, das \u00f6ffentliche Nahverkehrsnetz auszubauen und attraktiver zu gestalten. Das Ehrenamt in den Feuerwehren sollte in Schulen, Ausbildungspl\u00e4tzen und Betrieben besser gef\u00f6rdert werden.<\/p>\n<p>In seiner politischen Stellungnahme schilderte der 1. Kreisbeigeordnete Dr. Heiko Wingenfeld, dass ganz wohl bekannt sei, dass Jugendliche durch die Bef\u00f6rderung zu Schulen, Ausbildungsplatz und zu Hause viel wertvolle Freizeit geopfert wird. Dennoch sieht er auch f\u00fcr die Zukunft wenige Aussichten, diese Zeiten einzusparen. Der Landkreis Fulda investiert bereits j\u00e4hrlich viel Geld f\u00fcr den \u00f6ffentlichen Nahverkehr. Man m\u00f6chte sich auch hin und wieder Verbesserungen vorstellen, die aber weitere Kosten verursachen w\u00fcrden. Der Landkreis wird auf alle F\u00e4lle bestrebt sein, so Wingenfeld, den Verkehr und die Mobilit\u00e4t der B\u00fcrger so effektiv wie m\u00f6glich zu gestalten.<\/p>\n<p><strong>Ehrenamt Feuerwehr ist wichtig!<\/strong><br \/>\nZum Punkt Ehrenamt Feuerwehr und Jugendfeuerwehr meinte Dr. Wingenfeld, dass man hier unterst\u00fctzen kann so dass Feuerwehr in den Schulen kein Thema mehr sei.<br \/>\nEs gibt dort Ersthelfer, Verkehrslotsen und so k\u00f6nnte es auch Brandschutzhelfer geben.<br \/>\nEin nicht einfaches Thema sei die Freistellung von Feuerwehrleuten vom Arbeitsplatz zu Fortbildungslehrg\u00e4ngen und Eins\u00e4tzen. Hier kann man nur an die Arbeitgeber appellieren, ihre Arbeitnehmer f\u00fcr das Ehrenamt freizustellen. Allerdings r\u00e4umte der Vizelandrat ein, dass Feuerwehrfrauen und \u2013m\u00e4nner eine wertvolle und qualifizierte Ausbildung haben und jeder Arbeitnehmer bestrebt sein sollte eine solche Frau bzw. solchen Mann in seinem Betrieb zu haben. Hierbei sollten Kommunen und Unternehmen k\u00fcnftig an einem Strang ziehen um die Tagesalarmbereitschaft ihrer Feuerwehr sicherzustellen.<br \/>\n<a rel=\"lightbox[roadtrip]\" href=\"http:\/\/www.schoene-nachrichten.de\/wp-content\/uploads\/2008\/10\/081024-feuer-6.jpg\" target=\"_blank\"><img loading=\"lazy\" decoding=\"async\" class=\"alignnone size-thumbnail wp-image-13071\" title=\"081024-feuer-6\" src=\"http:\/\/www.schoene-nachrichten.de\/wp-content\/uploads\/2008\/10\/081024-feuer-6-128x85.jpg\" alt=\"\" width=\"128\" height=\"85\" srcset=\"https:\/\/www.fuldaernachrichten.de\/wp-content\/uploads\/2008\/10\/081024-feuer-6-128x85.jpg 128w, https:\/\/www.fuldaernachrichten.de\/wp-content\/uploads\/2008\/10\/081024-feuer-6.jpg 600w\" sizes=\"(max-width: 128px) 100vw, 128px\" \/><\/a> <a rel=\"lightbox[roadtrip]\" href=\"http:\/\/www.schoene-nachrichten.de\/wp-content\/uploads\/2008\/10\/081024-feuer-7.jpg\" target=\"_blank\"><img loading=\"lazy\" decoding=\"async\" class=\"alignnone size-thumbnail wp-image-13072\" title=\"081024-feuer-7\" src=\"http:\/\/www.schoene-nachrichten.de\/wp-content\/uploads\/2008\/10\/081024-feuer-7-128x85.jpg\" alt=\"\" width=\"128\" height=\"85\" srcset=\"https:\/\/www.fuldaernachrichten.de\/wp-content\/uploads\/2008\/10\/081024-feuer-7-128x85.jpg 128w, https:\/\/www.fuldaernachrichten.de\/wp-content\/uploads\/2008\/10\/081024-feuer-7.jpg 600w\" sizes=\"(max-width: 128px) 100vw, 128px\" \/><\/a> <a rel=\"lightbox[roadtrip]\" href=\"http:\/\/www.schoene-nachrichten.de\/wp-content\/uploads\/2008\/10\/081024-feuer-8.jpg\" target=\"_blank\"><img loading=\"lazy\" decoding=\"async\" class=\"alignnone size-thumbnail wp-image-13073\" title=\"081024-feuer-8\" src=\"http:\/\/www.schoene-nachrichten.de\/wp-content\/uploads\/2008\/10\/081024-feuer-8-128x85.jpg\" alt=\"\" width=\"128\" height=\"85\" srcset=\"https:\/\/www.fuldaernachrichten.de\/wp-content\/uploads\/2008\/10\/081024-feuer-8-128x85.jpg 128w, https:\/\/www.fuldaernachrichten.de\/wp-content\/uploads\/2008\/10\/081024-feuer-8.jpg 600w\" sizes=\"(max-width: 128px) 100vw, 128px\" \/><\/a> <a rel=\"lightbox[roadtrip]\" href=\"http:\/\/www.schoene-nachrichten.de\/wp-content\/uploads\/2008\/10\/081024-feuer-9.jpg\" target=\"_blank\"><img loading=\"lazy\" decoding=\"async\" class=\"alignnone size-thumbnail wp-image-13074\" title=\"081024-feuer-9\" src=\"http:\/\/www.schoene-nachrichten.de\/wp-content\/uploads\/2008\/10\/081024-feuer-9-128x85.jpg\" alt=\"\" width=\"128\" height=\"85\" srcset=\"https:\/\/www.fuldaernachrichten.de\/wp-content\/uploads\/2008\/10\/081024-feuer-9-128x85.jpg 128w, https:\/\/www.fuldaernachrichten.de\/wp-content\/uploads\/2008\/10\/081024-feuer-9.jpg 600w\" sizes=\"(max-width: 128px) 100vw, 128px\" \/><\/a><br \/>\n<strong>\u201eDanke\u201c bei der Motivation \u2013 ein wichtiges Argument!<\/strong><br \/>\nEin weiteres Stichwort war bei der Veranstaltung das Stichwort \u201e\u00e4u\u00dfere Motivation\u201c.<br \/>\nDas Ehrenamt Feuerwehr soll Spa\u00df machen und ganz besonders anderen Menschen in Notlagen Hilfe zu leisten. Der Lohn hierf\u00fcr ist ab und zu ein kleines Wort des Dankes. Manchmal jedoch muss man auf dieses kleine \u201eDanke\u201c f\u00fcr eine ehrenamtliche belastende T\u00e4tigkeit auch lange warten. Weiteres Problem k\u00f6nne die fehlende oder nicht mehr zeitgem\u00e4\u00dfe Schutzausr\u00fcstung im Feuerwehrdienst sein. Bei Fahrten oder Ausfl\u00fcgen mit der Jugendfeuerwehr in einer gr\u00f6\u00dferen Gruppe ist es sehr schwer einzurichten, alle Personen zu transportieren. Es ist auch nicht mehr selbstverst\u00e4ndlich, dass kommunale Vertreter die Jugendfeuerwehr oder Feuerwehr bei ihrer Ausbildung oder Schau\u00fcbung besucht. K\u00fcnftig k\u00f6nnte durch den demographischen Wandel die Aufrechterhaltung der \u00f6ffentlichen Sicherheit durch die Feuerwehr zu kurz kommen. Die Kommunalabteilung Feuerwehr muss wegen fehlender finanziellen Mitteln auf wichtige Ausr\u00fcstungsgegenst\u00e4nde verzichten und wird nur noch als Verein angesehen.<\/p>\n<p>Die Jugendsprecherinnen Sophia Otterbein und Nadine Hahner hatten im Projektteam erarbeitet, dass die \u00dcbernahme von Kosten f\u00fcr eine angemessene Schutzausr\u00fcstung ohne Kompromisse von der Kommune \u00fcbernommen werden m\u00fcssen.<\/p>\n<p>Auch das Auftragen einer alten Ausr\u00fcstung durch junge oder neue Einsatzkr\u00e4fte ist nicht motivierend. Jugendfeuerwehren und Feuerwehrvereine unternehmen regelm\u00e4\u00dfige Fahrten und Freizeitaktivit\u00e4ten. Diese sollten besonders unterst\u00fctzt werden. Die \u00dcbernahme von Eintrittspreisen, die Bereitstellung eines gemeindlichen Fahrzeugs oder \u00dcbernahme von Fahrtkosten w\u00e4ren hierbei denkbar. Jugendfeuerwehrwarte und Jugendgruppenleiter, die eine spezielle Ausbildung absolviert haben sollten durch Verg\u00fcnstigungen mit der so genannten Jugendleitercard belohnt werden.<br \/>\nDer Rathauschef aus Hofbieber, Marcus Schafft, beschrieb in seiner Darstellung die gegenseitige R\u00fccksichtnahme von Feuerwehr und politischen Mandatstr\u00e4gern, denn beide seien ehrenamtlich t\u00e4tig. Dennoch sollte man darauf zugehen, dass alle, die eine Leistung erbringen wahrgenommen werden. Ein Come-in-Contract \u2013 Vertrag sei hierbei eine gute Gelegenheit f\u00fcr beide Seiten ein Interessenaustausch durchzuf\u00fchren. Es sei wichtig, dass eine Feuerwehr durch angemessene Ausr\u00fcstungsgegenst\u00e4nde eigenverantwortlich handeln darf, denn eine Gemeinde lebt von aktiven und freiwilligen Helfern in der Feuerwehr. Die Akzeptanz bei den B\u00fcrgern hat hierbei ebenfalls eine gro\u00dfe Bedeutung.<\/p>\n<p><strong>\u00d6ffentlichkeitsarbeit \u2013 die B\u00fcrger \u00fcber Feuerwehr aufkl\u00e4ren!<\/strong><br \/>\nDer letzte Punkt war die \u201eWahrnehmung des Umfeldes\u201c. Bisher ist eine Feuerwehr an jedem Ort stationiert und jederzeit bereit. Der B\u00fcrger nimmt die Feuerwehr jedoch vielerorts nur als ein Verein dar. Die Ortsbewohner, die sich nicht weiter mit der Feuerwehr besch\u00e4ftigen, haben einer regelrechten Unkenntnis \u00fcber ihre Feuerwehr. Die Jugendfeuerwehren und Einsatzabteilungen machen zwar sehr oft Werbung f\u00fcr ihre T\u00e4tigkeit, aber dies ist sehr Kostenintensiv, zum Beispiel beim Internet, Plakaterstellung, usw. Deutschland ist ein Zuwanderungsland und die Gefahrenabwehr ist in der ganzen Welt anders organisiert. Das Bild Feuerwehr k\u00f6nnte k\u00fcnftig etwas verschwinden oder nur als Berufsgruppe angesehen werden.<\/p>\n<p><strong>\u201eTue gutes und sprich dar\u00fcber!\u201c<\/strong><br \/>\nDie Projektgruppe der Kreisjugendfeuerwehr Fulda habe hierzu die Erkenntnis gewonnen, dass man \u00fcber ihre Arbeit in den Medien berichten soll. Einen Pressesprecher sollte es in jeder Feuerwehr grunds\u00e4tzlich geben und die Gemeindeverwaltungen k\u00f6nnten unterst\u00fctzend mitwirken.<br \/>\nPlakatw\u00e4nde k\u00f6nnten besser genutzt und die Berichterstattung in Mitteilungsbl\u00e4ttern intensiviert werden. Im Rahmen der Integration von Migranten k\u00f6nnte man ebenfalls f\u00fcr die Freiwillige Feuerwehr werben.<br \/>\n<a rel=\"lightbox[roadtrip]\" href=\"http:\/\/www.schoene-nachrichten.de\/wp-content\/uploads\/2008\/10\/081024-feuer-10.jpg\" target=\"_blank\"><img loading=\"lazy\" decoding=\"async\" class=\"alignnone size-thumbnail wp-image-13075\" title=\"081024-feuer-10\" src=\"http:\/\/www.schoene-nachrichten.de\/wp-content\/uploads\/2008\/10\/081024-feuer-10-128x85.jpg\" alt=\"\" width=\"128\" height=\"85\" srcset=\"https:\/\/www.fuldaernachrichten.de\/wp-content\/uploads\/2008\/10\/081024-feuer-10-128x85.jpg 128w, https:\/\/www.fuldaernachrichten.de\/wp-content\/uploads\/2008\/10\/081024-feuer-10.jpg 600w\" sizes=\"(max-width: 128px) 100vw, 128px\" \/><\/a> <a rel=\"lightbox[roadtrip]\" href=\"http:\/\/www.schoene-nachrichten.de\/wp-content\/uploads\/2008\/10\/081024-feuer-11.jpg\" target=\"_blank\"><img loading=\"lazy\" decoding=\"async\" class=\"alignnone size-thumbnail wp-image-13076\" title=\"081024-feuer-11\" src=\"http:\/\/www.schoene-nachrichten.de\/wp-content\/uploads\/2008\/10\/081024-feuer-11-128x85.jpg\" alt=\"\" width=\"128\" height=\"85\" srcset=\"https:\/\/www.fuldaernachrichten.de\/wp-content\/uploads\/2008\/10\/081024-feuer-11-128x85.jpg 128w, https:\/\/www.fuldaernachrichten.de\/wp-content\/uploads\/2008\/10\/081024-feuer-11.jpg 600w\" sizes=\"(max-width: 128px) 100vw, 128px\" \/><\/a> <img loading=\"lazy\" decoding=\"async\" class=\"alignnone size-thumbnail wp-image-13077\" title=\"081024-feuer-12\" src=\"http:\/\/www.schoene-nachrichten.de\/wp-content\/uploads\/2008\/10\/081024-feuer-12-128x85.jpg\" alt=\"\" width=\"128\" height=\"85\" srcset=\"https:\/\/www.fuldaernachrichten.de\/wp-content\/uploads\/2008\/10\/081024-feuer-12-128x85.jpg 128w, https:\/\/www.fuldaernachrichten.de\/wp-content\/uploads\/2008\/10\/081024-feuer-12.jpg 600w\" sizes=\"(max-width: 128px) 100vw, 128px\" \/> <a rel=\"lightbox[roadtrip]\" href=\"http:\/\/www.schoene-nachrichten.de\/wp-content\/uploads\/2008\/10\/081024-feuer-13.jpg\" target=\"_blank\"><img loading=\"lazy\" decoding=\"async\" class=\"alignnone size-thumbnail wp-image-13078\" title=\"081024-feuer-13\" src=\"http:\/\/www.schoene-nachrichten.de\/wp-content\/uploads\/2008\/10\/081024-feuer-13-128x85.jpg\" alt=\"\" width=\"128\" height=\"85\" srcset=\"https:\/\/www.fuldaernachrichten.de\/wp-content\/uploads\/2008\/10\/081024-feuer-13-128x85.jpg 128w, https:\/\/www.fuldaernachrichten.de\/wp-content\/uploads\/2008\/10\/081024-feuer-13.jpg 600w\" sizes=\"(max-width: 128px) 100vw, 128px\" \/><\/a><br \/>\nDie B\u00fcrgermeisterin Silvia Hillenbrand aus Gro\u00dfenl\u00fcder beschrieb die Darstellung der Feuerwehr mit eigenen Erfahrungen.<\/p>\n<p>Im Einsatz sieht jeder die Feuerwehr, aber ihre Arbeit wird nicht wahrgenommen!<br \/>\nGro\u00dfe Firmen werben mit der Feuerwehr f\u00fcr Verl\u00e4sslichkeit. Eine Patenschaft bei der \u00dcbergabe von Feuerwehrh\u00e4usern oder Fahrzeugen k\u00f6nnte durch B\u00fcrger \u00fcbernommen werden. Man sollte nicht warten bis die Leute zu uns kommen, sondern wir sollten auf die Menschen zu gehen! Der Dreiklang von Politik, B\u00fcrgern und Feuerwehr muss k\u00fcnftig mehr vereint werden und aktiv einbezogen werden. Man sollte versuchen neue Wege zu gehen und neues zu versuchen, denn nur so macht man stets auf sich aufmerksam.<\/p>\n<p>Nach einer abschlie\u00dfenden Diskussionsrunde zeigten sich die Organisatoren der Kreisjugendfeuerwehr Fulda \u00fcber den Verlauf der Veranstaltung sehr zu frieden. In seinem Abschlussres\u00fcmee k\u00fcndigte Kreisjugendfeuerwehrwart Dirk W\u00e4chtersbach an, dass das Thema demographischer Wandel weiterverfolgt wird. Abschlie\u00dfend unterzeichneten der Landkreis Fulda, die Gemeinden Hofbieber und Gro\u00dfenl\u00fcder mit der Kreisjugendfeuerwehr Fulda einen Projektvertrag, der dazu dienen soll, sich f\u00fcr eine positive und regionale Entwicklung sowie der F\u00f6rderung des Ehrenamtes im Sinne der Jugendlichen im demographischen Wandel einzusetzen. Die anderen St\u00e4dte und Gemeinden im Landkreis Fulda haben ebenfalls die M\u00f6glichkeit diesen Come-in-Contract Vertrag mit der Kreisjugendfeuerwehr zu schlie\u00dfen. (Steffen Hohmann)<\/p>\n<p><img loading=\"lazy\" decoding=\"async\" class=\"alignnone size-medium wp-image-13066\" title=\"081024-feuer-projekt\" src=\"http:\/\/www.schoene-nachrichten.de\/wp-content\/uploads\/2008\/10\/081024-feuer-projekt-128x20.jpg\" alt=\"\" width=\"128\" height=\"20\" srcset=\"https:\/\/www.fuldaernachrichten.de\/wp-content\/uploads\/2008\/10\/081024-feuer-projekt-128x20.jpg 128w, https:\/\/www.fuldaernachrichten.de\/wp-content\/uploads\/2008\/10\/081024-feuer-projekt.jpg 600w\" sizes=\"(max-width: 128px) 100vw, 128px\" \/><\/p>\n","protected":false},"excerpt":{"rendered":"<div class=\"tmnf_excerpt\"><p>Fulda. Die Kreisjugendfeuerwehr Fulda hat die Nase vorn, wenn es um die Zukunft der Jugendfeuerwehren und Feuerwehren im l\u00e4ndlichen Raum geht und m\u00f6chte den Zug in die Zukunft auf keinen Fall verpassen. Aus diesem Grund haben sich Jugendforum und Kreisjugendfeuerwehrausschuss im Rahmen des Come-in-Contract \u2013 Projekts des Deutschen Bundesjugendringes mit einer Zukunftswerkstatt ins Jahr 2025 &hellip;<\/p>\n<\/div>","protected":false},"author":1,"featured_media":0,"comment_status":"closed","ping_status":"closed","sticky":false,"template":"","format":"standard","meta":{"footnotes":""},"categories":[1,54,71,72],"tags":[],"class_list":["post-13064","post","type-post","status-publish","format-standard","hentry","category-startseite","category-bildergalerien","category-feuerwehr","category-jugend"],"_links":{"self":[{"href":"https:\/\/www.fuldaernachrichten.de\/index.php?rest_route=\/wp\/v2\/posts\/13064","targetHints":{"allow":["GET"]}}],"collection":[{"href":"https:\/\/www.fuldaernachrichten.de\/index.php?rest_route=\/wp\/v2\/posts"}],"about":[{"href":"https:\/\/www.fuldaernachrichten.de\/index.php?rest_route=\/wp\/v2\/types\/post"}],"author":[{"embeddable":true,"href":"https:\/\/www.fuldaernachrichten.de\/index.php?rest_route=\/wp\/v2\/users\/1"}],"replies":[{"embeddable":true,"href":"https:\/\/www.fuldaernachrichten.de\/index.php?rest_route=%2Fwp%2Fv2%2Fcomments&post=13064"}],"version-history":[{"count":0,"href":"https:\/\/www.fuldaernachrichten.de\/index.php?rest_route=\/wp\/v2\/posts\/13064\/revisions"}],"wp:attachment":[{"href":"https:\/\/www.fuldaernachrichten.de\/index.php?rest_route=%2Fwp%2Fv2%2Fmedia&parent=13064"}],"wp:term":[{"taxonomy":"category","embeddable":true,"href":"https:\/\/www.fuldaernachrichten.de\/index.php?rest_route=%2Fwp%2Fv2%2Fcategories&post=13064"},{"taxonomy":"post_tag","embeddable":true,"href":"https:\/\/www.fuldaernachrichten.de\/index.php?rest_route=%2Fwp%2Fv2%2Ftags&post=13064"}],"curies":[{"name":"wp","href":"https:\/\/api.w.org\/{rel}","templated":true}]}}