{"id":13060,"date":"2008-10-25T01:13:19","date_gmt":"2008-10-24T23:13:19","guid":{"rendered":"http:\/\/www.schoene-nachrichten.de\/?p=13060"},"modified":"2008-10-25T01:13:19","modified_gmt":"2008-10-24T23:13:19","slug":"biometrische-passfotos-jetzt-auch-im-fuehrerschein-noetig","status":"publish","type":"post","link":"https:\/\/www.fuldaernachrichten.de\/?p=13060","title":{"rendered":"Biometrische Passfotos jetzt auch im F\u00fchrerschein n\u00f6tig"},"content":{"rendered":"<p><strong>Vogelsbergkreis.<\/strong> Die Fahrerlaubnisbeh\u00f6rde des Vogelsbergkreises weist darauf hin, dass ab dem 29. Oktober F\u00fchrerscheinantr\u00e4gen ein Foto beizuf\u00fcgen ist, das den Vorgaben der Passverordnung entspricht. Gemeint ist hiermit ein sogenanntes biometrisches Foto, so wie es bereits seit l\u00e4ngerem f\u00fcr den Reisepass erforderlich ist.<!--more--><\/p>\n<p>Ein solches Foto ist dann auch bei Beantragung eines internationalen F\u00fchrerscheins notwendig. Urs\u00e4chlich hierf\u00fcr ist die zum 29. Oktober mit zahlreichen Neuerungen in Kraft tretende \u00c4nderung der Fahrerlaubnis-Verordnung.<\/p>\n<p><strong>Wichtig<\/strong>: Alte F\u00fchrerscheine sind hiervon <strong>nicht<\/strong> betroffen.<\/p>\n","protected":false},"excerpt":{"rendered":"<div class=\"tmnf_excerpt\"><p>Vogelsbergkreis. Die Fahrerlaubnisbeh\u00f6rde des Vogelsbergkreises weist darauf hin, dass ab dem 29. Oktober F\u00fchrerscheinantr\u00e4gen ein Foto beizuf\u00fcgen ist, das den Vorgaben der Passverordnung entspricht. Gemeint ist hiermit ein sogenanntes biometrisches Foto, so wie es bereits seit l\u00e4ngerem f\u00fcr den Reisepass erforderlich ist.<\/p>\n<\/div>","protected":false},"author":1,"featured_media":0,"comment_status":"closed","ping_status":"closed","sticky":false,"template":"","format":"standard","meta":{"footnotes":""},"categories":[1,35],"tags":[],"class_list":["post-13060","post","type-post","status-publish","format-standard","hentry","category-startseite","category-auto"],"_links":{"self":[{"href":"https:\/\/www.fuldaernachrichten.de\/index.php?rest_route=\/wp\/v2\/posts\/13060","targetHints":{"allow":["GET"]}}],"collection":[{"href":"https:\/\/www.fuldaernachrichten.de\/index.php?rest_route=\/wp\/v2\/posts"}],"about":[{"href":"https:\/\/www.fuldaernachrichten.de\/index.php?rest_route=\/wp\/v2\/types\/post"}],"author":[{"embeddable":true,"href":"https:\/\/www.fuldaernachrichten.de\/index.php?rest_route=\/wp\/v2\/users\/1"}],"replies":[{"embeddable":true,"href":"https:\/\/www.fuldaernachrichten.de\/index.php?rest_route=%2Fwp%2Fv2%2Fcomments&post=13060"}],"version-history":[{"count":0,"href":"https:\/\/www.fuldaernachrichten.de\/index.php?rest_route=\/wp\/v2\/posts\/13060\/revisions"}],"wp:attachment":[{"href":"https:\/\/www.fuldaernachrichten.de\/index.php?rest_route=%2Fwp%2Fv2%2Fmedia&parent=13060"}],"wp:term":[{"taxonomy":"category","embeddable":true,"href":"https:\/\/www.fuldaernachrichten.de\/index.php?rest_route=%2Fwp%2Fv2%2Fcategories&post=13060"},{"taxonomy":"post_tag","embeddable":true,"href":"https:\/\/www.fuldaernachrichten.de\/index.php?rest_route=%2Fwp%2Fv2%2Ftags&post=13060"}],"curies":[{"name":"wp","href":"https:\/\/api.w.org\/{rel}","templated":true}]}}