{"id":13056,"date":"2008-10-27T00:38:09","date_gmt":"2008-10-26T23:38:09","guid":{"rendered":"http:\/\/www.schoene-nachrichten.de\/?p=13056"},"modified":"2008-10-26T14:48:24","modified_gmt":"2008-10-26T13:48:24","slug":"feuerwehren-staerken-doerfliche-gemeinschaft","status":"publish","type":"post","link":"https:\/\/www.fuldaernachrichten.de\/?p=13056","title":{"rendered":"Feuerwehren st\u00e4rken d\u00f6rfliche Gemeinschaft"},"content":{"rendered":"<p><img decoding=\"async\" class=\"alignnone size-thumbnail wp-image-13057\" title=\"081024-diskus-3\" src=\"http:\/\/www.schoene-nachrichten.de\/wp-content\/uploads\/2008\/10\/081024-diskus-3-128x85.jpg\" alt=\"\" hspace=\"5\" width=\"128\" height=\"85\" align=\"left\" srcset=\"https:\/\/www.fuldaernachrichten.de\/wp-content\/uploads\/2008\/10\/081024-diskus-3-128x85.jpg 128w, https:\/\/www.fuldaernachrichten.de\/wp-content\/uploads\/2008\/10\/081024-diskus-3.jpg 600w\" sizes=\"(max-width: 128px) 100vw, 128px\" \/><strong>Fulda. <\/strong>Das Thema \u201eDemographischer Wandel\u201c besch\u00e4ftigt auch die Jugendfeuerwehren im Landkreis Fulda. Um dem drohenden Nachwuchsmangel zu begegnen, haben die Jugendfeuerwehren im Rahmen des Projekts \u201eJugendfeuerwehr\u2013 aus Tradition der Zukunft verpflichtet\u201c nicht nur Ursachenforschung betrieben, sondern auch Ideen und L\u00f6sungsans\u00e4tze entwickelt. Diese wurden bei einer Podiumsdiskussion, zu der neben Vertretern der Feuerwehr auch Erster Kreisbeigeordneter Dr. Heiko Wingenfeld, der Hofbieberer B\u00fcrgermeister Marcus Schafft und Gro\u00dfenl\u00fcders B\u00fcrgermeisterin Silvia Hillenbrand eingeladen waren, im Deutschen Feuerwehrmuseum vorgestellt. Nach Ansicht der Jugendlichen ist der Nachwuchsmangel in erster Linie durch fehlende Zeit, Motivation und Anerkennung begr\u00fcndet.<!--more-->Vor allem diese Punkte w\u00fcrden als m\u00f6gliche Ursachen genannt, warum die Zahl der Jugendlichen in den Jugendfeuerwehren bis zum Jahr 2025 um zwanzig Prozent zur\u00fcckgehen k\u00f6nnte, so Projektleiter Michael Knoth bei der Pr\u00e4sentation denkbarer Zukunftsvisionen. Derzeit z\u00e4hlen die 132 Jugendfeuerwehren im Landkreises Fulda rund 1.200 Mitglieder. L\u00f6sungsans\u00e4tze pr\u00e4sentierten die Kreisjugendsprecherinnen Nadine Hahner und Sophia Otterbein. Die Vorschl\u00e4ge reichten von einer Attraktivit\u00e4tssteigerung des \u00f6ffentlichen Nahverkehrs \u00fcber die St\u00e4rkung des Ehrenamts an sich bis zur Verbesserung der \u00f6ffentlichen Wahrnehmung durch eine kontinuierliche \u00d6ffentlichkeitsarbeit. In der anschlie\u00dfenden Diskussion wurden von den G\u00e4sten aus Feuerwehr und Politik weitere Vorschl\u00e4ge unterbreitet.<br \/>\n<a rel=\"lightbox[roadtrip]\" href=\"http:\/\/www.schoene-nachrichten.de\/wp-content\/uploads\/2008\/10\/081024-diskus-2.jpg\" target=\"_blank\"><img decoding=\"async\" class=\"alignnone size-thumbnail wp-image-13058\" title=\"081024-diskus-2\" src=\"http:\/\/www.schoene-nachrichten.de\/wp-content\/uploads\/2008\/10\/081024-diskus-2-128x85.jpg\" alt=\"\" width=\"128\" height=\"85\" srcset=\"https:\/\/www.fuldaernachrichten.de\/wp-content\/uploads\/2008\/10\/081024-diskus-2-128x85.jpg 128w, https:\/\/www.fuldaernachrichten.de\/wp-content\/uploads\/2008\/10\/081024-diskus-2.jpg 600w\" sizes=\"(max-width: 128px) 100vw, 128px\" \/><\/a><br \/>\nErster Kreisbeigeordneter Dr. Heiko Wingenfeld verwies unter anderem auf den Patenschaftsvertrag, der zwischen dem Landkreis, den Gemeinden Gro\u00dfenl\u00fcder und Hofbieber sowie der Kreisjugendfeuerwehr abgeschlossen wurde. Der Vertrag soll das Ehrenamt st\u00e4rken und die Gefahrenabwehr durch die Wehren garantieren. Die Bedeutung der Feuerwehr gehe weit \u00fcber den Brandschutz und die technischen Hilfeleistungen hinaus. Von daher liege es im ureigensten Interesse des Landkreises, dass m\u00f6glichst viele Jugendliche den Weg in die Jugendfeuerwehren finden und sp\u00e4ter in die Einsatzabteilungen \u00fcberwechseln w\u00fcrden. \u201eWir brauchen zur aktiven Freizeitgestaltung im l\u00e4ndlichen Raum auch kleine Ortsteilfeuerwehren. Sie st\u00e4rken die Gemeinschaft und das Heimatbewusstsein.\u201c<br \/>\n<a rel=\"lightbox[roadtrip]\" href=\"http:\/\/www.schoene-nachrichten.de\/wp-content\/uploads\/2008\/10\/081024-diskus-1.jpg\" target=\"_blank\"><img decoding=\"async\" class=\"alignnone size-thumbnail wp-image-13059\" title=\"081024-diskus-1\" src=\"http:\/\/www.schoene-nachrichten.de\/wp-content\/uploads\/2008\/10\/081024-diskus-1-128x85.jpg\" alt=\"\" width=\"128\" height=\"85\" srcset=\"https:\/\/www.fuldaernachrichten.de\/wp-content\/uploads\/2008\/10\/081024-diskus-1-128x85.jpg 128w, https:\/\/www.fuldaernachrichten.de\/wp-content\/uploads\/2008\/10\/081024-diskus-1.jpg 600w\" sizes=\"(max-width: 128px) 100vw, 128px\" \/><\/a><\/p>\n","protected":false},"excerpt":{"rendered":"<div class=\"tmnf_excerpt\"><p>Fulda. Das Thema \u201eDemographischer Wandel\u201c besch\u00e4ftigt auch die Jugendfeuerwehren im Landkreis Fulda. Um dem drohenden Nachwuchsmangel zu begegnen, haben die Jugendfeuerwehren im Rahmen des Projekts \u201eJugendfeuerwehr\u2013 aus Tradition der Zukunft verpflichtet\u201c nicht nur Ursachenforschung betrieben, sondern auch Ideen und L\u00f6sungsans\u00e4tze entwickelt. Diese wurden bei einer Podiumsdiskussion, zu der neben Vertretern der Feuerwehr auch Erster Kreisbeigeordneter &hellip;<\/p>\n<\/div>","protected":false},"author":1,"featured_media":0,"comment_status":"closed","ping_status":"closed","sticky":false,"template":"","format":"standard","meta":{"footnotes":""},"categories":[1,71,72],"tags":[],"class_list":["post-13056","post","type-post","status-publish","format-standard","hentry","category-startseite","category-feuerwehr","category-jugend"],"_links":{"self":[{"href":"https:\/\/www.fuldaernachrichten.de\/index.php?rest_route=\/wp\/v2\/posts\/13056","targetHints":{"allow":["GET"]}}],"collection":[{"href":"https:\/\/www.fuldaernachrichten.de\/index.php?rest_route=\/wp\/v2\/posts"}],"about":[{"href":"https:\/\/www.fuldaernachrichten.de\/index.php?rest_route=\/wp\/v2\/types\/post"}],"author":[{"embeddable":true,"href":"https:\/\/www.fuldaernachrichten.de\/index.php?rest_route=\/wp\/v2\/users\/1"}],"replies":[{"embeddable":true,"href":"https:\/\/www.fuldaernachrichten.de\/index.php?rest_route=%2Fwp%2Fv2%2Fcomments&post=13056"}],"version-history":[{"count":0,"href":"https:\/\/www.fuldaernachrichten.de\/index.php?rest_route=\/wp\/v2\/posts\/13056\/revisions"}],"wp:attachment":[{"href":"https:\/\/www.fuldaernachrichten.de\/index.php?rest_route=%2Fwp%2Fv2%2Fmedia&parent=13056"}],"wp:term":[{"taxonomy":"category","embeddable":true,"href":"https:\/\/www.fuldaernachrichten.de\/index.php?rest_route=%2Fwp%2Fv2%2Fcategories&post=13056"},{"taxonomy":"post_tag","embeddable":true,"href":"https:\/\/www.fuldaernachrichten.de\/index.php?rest_route=%2Fwp%2Fv2%2Ftags&post=13056"}],"curies":[{"name":"wp","href":"https:\/\/api.w.org\/{rel}","templated":true}]}}