{"id":13050,"date":"2008-10-26T00:50:17","date_gmt":"2008-10-25T22:50:17","guid":{"rendered":"http:\/\/www.schoene-nachrichten.de\/?p=13050"},"modified":"2008-10-25T14:00:31","modified_gmt":"2008-10-25T12:00:31","slug":"grund-zum-feiern-herz-jesu-krankenhaus-ehrte-jubilarinnen","status":"publish","type":"post","link":"https:\/\/www.fuldaernachrichten.de\/?p=13050","title":{"rendered":"Grund zum Feiern: Herz-Jesu-Krankenhaus ehrte Jubilarinnen"},"content":{"rendered":"<p><a rel=\"lightbox[roadtrip]\" href=\"http:\/\/www.schoene-nachrichten.de\/wp-content\/uploads\/2008\/10\/081024-jubilarinnen.jpg\" target=\"_blank\"><img decoding=\"async\" class=\"alignnone size-thumbnail wp-image-13051\" title=\"081024-jubilarinnen\" src=\"http:\/\/www.schoene-nachrichten.de\/wp-content\/uploads\/2008\/10\/081024-jubilarinnen-128x85.jpg\" alt=\"\" hspace=\"5\" width=\"128\" height=\"85\" align=\"left\" srcset=\"https:\/\/www.fuldaernachrichten.de\/wp-content\/uploads\/2008\/10\/081024-jubilarinnen-128x85.jpg 128w, https:\/\/www.fuldaernachrichten.de\/wp-content\/uploads\/2008\/10\/081024-jubilarinnen.jpg 600w\" sizes=\"(max-width: 128px) 100vw, 128px\" \/><\/a><strong>Fulda. <\/strong>F\u00fcr ihre langj\u00e4hrige Betriebszugeh\u00f6rigkeit wurden am Donnerstag\u00c2\u00a0 sechs Mitarbeiterinnen des Herz-Jesu-Krankenhauses geehrt.\u00c2\u00a0 Die Krankenschwestern Sonja Gitzler, Marion Herget, Heidi Hainer, Renate J\u00f6rges, Anna-Elisabeth H\u00e4rtel und Maria Spahn kommen insgesamt auf 150 gemeinsame HJK-Jahre. Im Rahmen einer Feierstunde dankte die Krankenhausleitung den Jubilarinnen f\u00fcr ihre langj\u00e4hrige Treue. Zuvor hatten sich die Mitarbeiterinnen und Mitarbeiter mit einem Wortgottesdienst unter der Leitung von Pater Claudius Gro\u00df OFM und der Mitwirkung von Oberin Sr. Eva-Maria Martin auf die Feierstunde eingestimmt. <!--more-->Gesch\u00e4ftsf\u00fchrer Alexander Schmidtke begr\u00fc\u00dfte die Silber-Jubilarinnen und bedankte sich f\u00fcr deren au\u00dferordentliches Engagement. \u201eWer in der heutigen Zeit auf eine 25-j\u00e4hrige Betriebszugeh\u00f6rigkeit zur\u00fcckblicken kann, hat wahrlich Grund zum Feiern\u201c, so Schmidtke. Zum einen sei eine langj\u00e4hrige Betriebszugeh\u00f6rigkeit l\u00e4ngst nicht mehr selbstverst\u00e4ndlich, zum anderen h\u00e4tten die Mitarbeiterinnen sehr viel zum Erfolg des Hauses beigetragen. \u201eOhne Sie w\u00e4re das Herz-Jesu-Krankenhaus nicht das, was es heute ist.\u201c<\/p>\n<p>Der \u00c4rztliche Direktor Prof. Dr. Joachim Glaser bedankte sich im Namen der \u00c4rzteschaft f\u00fcr die hervorragenden Leistungen und lobte die gute Zusammenarbeit. Pflegedienstleiterin Sylvia R\u00f6hm-Kleine unterstrich in ihrer Dankesrede den besonderen Stellenwert der pflegerischen Arbeit. \u201eSie alle haben dazu beigetragen, dass Empathie und Wertsch\u00e4tzung in unserem Hause sp\u00fcrbar sind.\u201c Als Zeichen der Anerkennung \u00fcberreichten die Mitglieder der Krankenhausleitung Blumenstr\u00e4u\u00dfe und Dankurkunden.<\/p>\n<p><strong><span style=\"text-decoration: underline;\">Foto:<\/span><\/strong><\/p>\n<p>v.li. Matthias Schwing, Sr. M. Jakoba Preis, Alexander Schmidtke, Marion Herget, Heidi Hainer, Renate J\u00f6rges, Sonja Gitzler, Achim Kirschner, Maria Spahn, Prof. Dr. Joachim Glaser, Anna-Elisabeth H\u00e4rtel, Sr. Eva-Maria Martin, Sylvia R\u00f6hm-Kleine<\/p>\n","protected":false},"excerpt":{"rendered":"<div class=\"tmnf_excerpt\"><p>Fulda. F\u00fcr ihre langj\u00e4hrige Betriebszugeh\u00f6rigkeit wurden am Donnerstag\u00c2\u00a0 sechs Mitarbeiterinnen des Herz-Jesu-Krankenhauses geehrt.\u00c2\u00a0 Die Krankenschwestern Sonja Gitzler, Marion Herget, Heidi Hainer, Renate J\u00f6rges, Anna-Elisabeth H\u00e4rtel und Maria Spahn kommen insgesamt auf 150 gemeinsame HJK-Jahre. Im Rahmen einer Feierstunde dankte die Krankenhausleitung den Jubilarinnen f\u00fcr ihre langj\u00e4hrige Treue. Zuvor hatten sich die Mitarbeiterinnen und Mitarbeiter mit &hellip;<\/p>\n<\/div>","protected":false},"author":1,"featured_media":0,"comment_status":"closed","ping_status":"closed","sticky":false,"template":"","format":"standard","meta":{"footnotes":""},"categories":[1,51,48],"tags":[],"class_list":["post-13050","post","type-post","status-publish","format-standard","hentry","category-startseite","category-medizin","category-forschung"],"_links":{"self":[{"href":"https:\/\/www.fuldaernachrichten.de\/index.php?rest_route=\/wp\/v2\/posts\/13050","targetHints":{"allow":["GET"]}}],"collection":[{"href":"https:\/\/www.fuldaernachrichten.de\/index.php?rest_route=\/wp\/v2\/posts"}],"about":[{"href":"https:\/\/www.fuldaernachrichten.de\/index.php?rest_route=\/wp\/v2\/types\/post"}],"author":[{"embeddable":true,"href":"https:\/\/www.fuldaernachrichten.de\/index.php?rest_route=\/wp\/v2\/users\/1"}],"replies":[{"embeddable":true,"href":"https:\/\/www.fuldaernachrichten.de\/index.php?rest_route=%2Fwp%2Fv2%2Fcomments&post=13050"}],"version-history":[{"count":0,"href":"https:\/\/www.fuldaernachrichten.de\/index.php?rest_route=\/wp\/v2\/posts\/13050\/revisions"}],"wp:attachment":[{"href":"https:\/\/www.fuldaernachrichten.de\/index.php?rest_route=%2Fwp%2Fv2%2Fmedia&parent=13050"}],"wp:term":[{"taxonomy":"category","embeddable":true,"href":"https:\/\/www.fuldaernachrichten.de\/index.php?rest_route=%2Fwp%2Fv2%2Fcategories&post=13050"},{"taxonomy":"post_tag","embeddable":true,"href":"https:\/\/www.fuldaernachrichten.de\/index.php?rest_route=%2Fwp%2Fv2%2Ftags&post=13050"}],"curies":[{"name":"wp","href":"https:\/\/api.w.org\/{rel}","templated":true}]}}