{"id":130438,"date":"2014-10-10T00:11:38","date_gmt":"2014-10-10T00:11:38","guid":{"rendered":"http:\/\/www.fuldaer-nachrichten.de\/?p=130438"},"modified":"2014-10-09T21:33:26","modified_gmt":"2014-10-09T21:33:26","slug":"tag-der-offenen-tueren-in-der-kita-miteinander","status":"publish","type":"post","link":"https:\/\/www.fuldaernachrichten.de\/?p=130438","title":{"rendered":"Tag der offenen T\u00fcren in der Kita Miteinander"},"content":{"rendered":"<p>Fulda. Die Kindertagesst\u00e4tte Miteinander veranstaltet am Freitag, 17. Oktober 2014, einen Tag der offenen T\u00fcr. In der Zeit von 15 bis 18 Uhr k\u00f6nnen die R\u00e4umlichkeiten der Kita, die im November 2013 eingeweiht worden sind, besichtigt werden. Die Mitarbeiterinnen und Mitarbeiter werden die Fragen der Besucher beantworten. Au\u00dferdem k\u00f6nnen an diesem Tag Vormerkb\u00f6gen ausgef\u00fcllt werden. Die Kindertagesst\u00e4tte befindet sich in der Kohlh\u00e4user Stra\u00dfe 26 im ehemaligen Hauptschulzweig der Sturmiusschule. Informationen sind unter Telefon 0661 942 50 270 erh\u00e4ltlich.<\/p>\n","protected":false},"excerpt":{"rendered":"<div class=\"tmnf_excerpt\"><p>Fulda. Die Kindertagesst\u00e4tte Miteinander veranstaltet am Freitag, 17. Oktober 2014, einen Tag der offenen T\u00fcr. In der Zeit von 15 bis 18 Uhr k\u00f6nnen die R\u00e4umlichkeiten der Kita, die im November 2013 eingeweiht worden sind, besichtigt werden. Die Mitarbeiterinnen und Mitarbeiter werden die Fragen der Besucher beantworten. Au\u00dferdem k\u00f6nnen an diesem Tag Vormerkb\u00f6gen ausgef\u00fcllt werden. &hellip;<\/p>\n<\/div>","protected":false},"author":1,"featured_media":0,"comment_status":"closed","ping_status":"closed","sticky":false,"template":"","format":"standard","meta":{"footnotes":""},"categories":[1,72],"tags":[],"class_list":["post-130438","post","type-post","status-publish","format-standard","hentry","category-startseite","category-jugend"],"_links":{"self":[{"href":"https:\/\/www.fuldaernachrichten.de\/index.php?rest_route=\/wp\/v2\/posts\/130438","targetHints":{"allow":["GET"]}}],"collection":[{"href":"https:\/\/www.fuldaernachrichten.de\/index.php?rest_route=\/wp\/v2\/posts"}],"about":[{"href":"https:\/\/www.fuldaernachrichten.de\/index.php?rest_route=\/wp\/v2\/types\/post"}],"author":[{"embeddable":true,"href":"https:\/\/www.fuldaernachrichten.de\/index.php?rest_route=\/wp\/v2\/users\/1"}],"replies":[{"embeddable":true,"href":"https:\/\/www.fuldaernachrichten.de\/index.php?rest_route=%2Fwp%2Fv2%2Fcomments&post=130438"}],"version-history":[{"count":1,"href":"https:\/\/www.fuldaernachrichten.de\/index.php?rest_route=\/wp\/v2\/posts\/130438\/revisions"}],"predecessor-version":[{"id":130439,"href":"https:\/\/www.fuldaernachrichten.de\/index.php?rest_route=\/wp\/v2\/posts\/130438\/revisions\/130439"}],"wp:attachment":[{"href":"https:\/\/www.fuldaernachrichten.de\/index.php?rest_route=%2Fwp%2Fv2%2Fmedia&parent=130438"}],"wp:term":[{"taxonomy":"category","embeddable":true,"href":"https:\/\/www.fuldaernachrichten.de\/index.php?rest_route=%2Fwp%2Fv2%2Fcategories&post=130438"},{"taxonomy":"post_tag","embeddable":true,"href":"https:\/\/www.fuldaernachrichten.de\/index.php?rest_route=%2Fwp%2Fv2%2Ftags&post=130438"}],"curies":[{"name":"wp","href":"https:\/\/api.w.org\/{rel}","templated":true}]}}