{"id":13028,"date":"2008-10-25T00:15:13","date_gmt":"2008-10-24T22:15:13","guid":{"rendered":"http:\/\/www.schoene-nachrichten.de\/?p=13028"},"modified":"2008-10-24T18:15:33","modified_gmt":"2008-10-24T16:15:33","slug":"konsumverhalten-jugendgottesdienst-des-bdkj","status":"publish","type":"post","link":"https:\/\/www.fuldaernachrichten.de\/?p=13028","title":{"rendered":"\u201eKonsumverhalten\u201c &#8211; Jugendgottesdienst des BDKJ"},"content":{"rendered":"<p><strong>Fulda.<\/strong> Der n\u00e4chste BDKJ-Jugendgottesdienst findet am Sonntag, 26. Oktober 2008 um 18.30 Uhr in St. Paulus, Goerdelerstra\u00dfe 20 in Fulda statt. Er steht unter dem Thema \u201eKonsumverhalten\u201c. Vorbereitet wird die Eucharistiefeier von der Katholischen jungen Gemeinde (KjG), Zelebrant ist Dompr\u00e4bendat Kaplan Dirk G\u00e4rtner. Die musikalische Gestaltung \u00fcbernimmt die KjG-Combo. Danach sind wieder alle Jugendlichen herzlich zu einem Treffen im Pfarrzentrum eingeladen.<\/p>\n","protected":false},"excerpt":{"rendered":"<div class=\"tmnf_excerpt\"><p>Fulda. Der n\u00e4chste BDKJ-Jugendgottesdienst findet am Sonntag, 26. Oktober 2008 um 18.30 Uhr in St. Paulus, Goerdelerstra\u00dfe 20 in Fulda statt. Er steht unter dem Thema \u201eKonsumverhalten\u201c. Vorbereitet wird die Eucharistiefeier von der Katholischen jungen Gemeinde (KjG), Zelebrant ist Dompr\u00e4bendat Kaplan Dirk G\u00e4rtner. Die musikalische Gestaltung \u00fcbernimmt die KjG-Combo. Danach sind wieder alle Jugendlichen herzlich &hellip;<\/p>\n<\/div>","protected":false},"author":1,"featured_media":0,"comment_status":"closed","ping_status":"closed","sticky":false,"template":"","format":"standard","meta":{"footnotes":""},"categories":[1,72,50],"tags":[],"class_list":["post-13028","post","type-post","status-publish","format-standard","hentry","category-startseite","category-jugend","category-kirche"],"_links":{"self":[{"href":"https:\/\/www.fuldaernachrichten.de\/index.php?rest_route=\/wp\/v2\/posts\/13028","targetHints":{"allow":["GET"]}}],"collection":[{"href":"https:\/\/www.fuldaernachrichten.de\/index.php?rest_route=\/wp\/v2\/posts"}],"about":[{"href":"https:\/\/www.fuldaernachrichten.de\/index.php?rest_route=\/wp\/v2\/types\/post"}],"author":[{"embeddable":true,"href":"https:\/\/www.fuldaernachrichten.de\/index.php?rest_route=\/wp\/v2\/users\/1"}],"replies":[{"embeddable":true,"href":"https:\/\/www.fuldaernachrichten.de\/index.php?rest_route=%2Fwp%2Fv2%2Fcomments&post=13028"}],"version-history":[{"count":0,"href":"https:\/\/www.fuldaernachrichten.de\/index.php?rest_route=\/wp\/v2\/posts\/13028\/revisions"}],"wp:attachment":[{"href":"https:\/\/www.fuldaernachrichten.de\/index.php?rest_route=%2Fwp%2Fv2%2Fmedia&parent=13028"}],"wp:term":[{"taxonomy":"category","embeddable":true,"href":"https:\/\/www.fuldaernachrichten.de\/index.php?rest_route=%2Fwp%2Fv2%2Fcategories&post=13028"},{"taxonomy":"post_tag","embeddable":true,"href":"https:\/\/www.fuldaernachrichten.de\/index.php?rest_route=%2Fwp%2Fv2%2Ftags&post=13028"}],"curies":[{"name":"wp","href":"https:\/\/api.w.org\/{rel}","templated":true}]}}