{"id":130268,"date":"2014-10-07T00:11:51","date_gmt":"2014-10-07T00:11:51","guid":{"rendered":"http:\/\/www.fuldaer-nachrichten.de\/?p=130268"},"modified":"2014-10-06T16:05:24","modified_gmt":"2014-10-06T16:05:24","slug":"viele-partnerbetriebe-der-dachmarke-rhoen-beim-7-rhoener-wurstmarkt-mit-dabei","status":"publish","type":"post","link":"https:\/\/www.fuldaernachrichten.de\/?p=130268","title":{"rendered":"Viele Partnerbetriebe der Dachmarke Rh\u00f6n beim 7. Rh\u00f6ner Wurstmarkt mit dabei"},"content":{"rendered":"<p>Rh\u00f6n\/Ostheim. Am 11. und 12. Oktober gibt es in Ostheim den 7. Rh\u00f6ner Wurstmarkt. Die Dachmarke Rh\u00f6n beteiligt sich daran zum ersten Mal mit einem eigenen Verkaufsstand. Insgesamt nehmen mehr als 20 Partnerbetriebe der Dachmarke Rh\u00f6n am Wurstmarkt teil, um f\u00fcr sich und ihre Spezialit\u00e4ten aus der Rh\u00f6n zu werben.<!--more--><\/p>\n<p>Neun Metzgereien, die mit dem Qualit\u00e4tssiegel Rh\u00f6n beziehungsweise dem Biosiegel Rh\u00f6n ausgezeichnet sind, werden ihre Hausmachererzeugnisse wie Knackwurst, Salami, Presssack, Wildspezialit\u00e4ten oder H\u00fcttenspeck, Rotwurst und Schinken anbieten. Weitere 13 Partnerbetriebe, die die Siegel der Dachmarke Rh\u00f6n f\u00fcr die entsprechenden Produkte tragen d\u00fcrfen, beschicken den Rh\u00f6ner Wurstmarkt mit den entsprechenden \u201eBegleitern\u201c zu Wurst und Schinken wie edle Br\u00e4nde, Bauernbrot, Bier sowie Wein und Rh\u00f6ner Whiskey.<\/p>\n<p>Neben vielf\u00e4ltigen Informationen zur Dachmarke Rh\u00f6n und dem bestehenden Netzwerk der Partnerbetriebe gibt es am Verkaufsstand der Dachmarke Rh\u00f6n auch die Produkte der neuen Rh\u00f6ner Regionalmarke \u201eRh\u00f6nwiese\u201c zu kaufen. Rund 30 verschiedene Produkte von unterschiedlichen Herstellern umfasst inzwischen das \u201eRh\u00f6nwiese\u201c-Sortiment, das am einheitlichen Erscheinungsbild gut erkennbar ist.<\/p>\n<p>\u201eWir sind als Dachmarke Rh\u00f6n neugierig, wie unsere ,Rh\u00f6nwiese\u00e2\u20ac\u02dc-Produkte bei den Besuchern des Rh\u00f6ner Wurstmarktes ankommen. Es ist das erste Mal, dass wir einen solch geb\u00fcndelten Verkauf von Produkten unserer neuen Rh\u00f6ner Regionalmarke organisieren\u201c, sagt die Gesch\u00e4ftsf\u00fchrerin der Dachmarke Rh\u00f6n, Barbara Landgraf. Der Stand der Dachmarke Rh\u00f6n hat an beiden Wurstmarkt-Tagen ge\u00f6ffnet und befindet sich gleich links neben dem Rathaus in Ostheim.<\/p>\n<p>Weitere Informationen zum 7. Rh\u00f6ner Wurstmarkt in Ostheim gibt es unter <a href=\"http:\/\/www.rhoener-wurstmarkt.de\">www.rhoener-wurstmarkt.de<\/a> und unter <a href=\"http:\/\/www.ostheim-rhoen.de\">www.ostheim-rhoen.de<\/a>.<\/p>\n","protected":false},"excerpt":{"rendered":"<div class=\"tmnf_excerpt\"><p>Rh\u00f6n\/Ostheim. Am 11. und 12. Oktober gibt es in Ostheim den 7. Rh\u00f6ner Wurstmarkt. Die Dachmarke Rh\u00f6n beteiligt sich daran zum ersten Mal mit einem eigenen Verkaufsstand. Insgesamt nehmen mehr als 20 Partnerbetriebe der Dachmarke Rh\u00f6n am Wurstmarkt teil, um f\u00fcr sich und ihre Spezialit\u00e4ten aus der Rh\u00f6n zu werben.<\/p>\n<\/div>","protected":false},"author":1,"featured_media":0,"comment_status":"closed","ping_status":"closed","sticky":false,"template":"","format":"standard","meta":{"footnotes":""},"categories":[1,37],"tags":[],"class_list":["post-130268","post","type-post","status-publish","format-standard","hentry","category-startseite","category-essen-und-trinken"],"_links":{"self":[{"href":"https:\/\/www.fuldaernachrichten.de\/index.php?rest_route=\/wp\/v2\/posts\/130268","targetHints":{"allow":["GET"]}}],"collection":[{"href":"https:\/\/www.fuldaernachrichten.de\/index.php?rest_route=\/wp\/v2\/posts"}],"about":[{"href":"https:\/\/www.fuldaernachrichten.de\/index.php?rest_route=\/wp\/v2\/types\/post"}],"author":[{"embeddable":true,"href":"https:\/\/www.fuldaernachrichten.de\/index.php?rest_route=\/wp\/v2\/users\/1"}],"replies":[{"embeddable":true,"href":"https:\/\/www.fuldaernachrichten.de\/index.php?rest_route=%2Fwp%2Fv2%2Fcomments&post=130268"}],"version-history":[{"count":1,"href":"https:\/\/www.fuldaernachrichten.de\/index.php?rest_route=\/wp\/v2\/posts\/130268\/revisions"}],"predecessor-version":[{"id":130269,"href":"https:\/\/www.fuldaernachrichten.de\/index.php?rest_route=\/wp\/v2\/posts\/130268\/revisions\/130269"}],"wp:attachment":[{"href":"https:\/\/www.fuldaernachrichten.de\/index.php?rest_route=%2Fwp%2Fv2%2Fmedia&parent=130268"}],"wp:term":[{"taxonomy":"category","embeddable":true,"href":"https:\/\/www.fuldaernachrichten.de\/index.php?rest_route=%2Fwp%2Fv2%2Fcategories&post=130268"},{"taxonomy":"post_tag","embeddable":true,"href":"https:\/\/www.fuldaernachrichten.de\/index.php?rest_route=%2Fwp%2Fv2%2Ftags&post=130268"}],"curies":[{"name":"wp","href":"https:\/\/api.w.org\/{rel}","templated":true}]}}