{"id":130219,"date":"2014-10-06T00:45:29","date_gmt":"2014-10-06T00:45:29","guid":{"rendered":"http:\/\/www.fuldaer-nachrichten.de\/?p=130219"},"modified":"2014-10-06T07:51:16","modified_gmt":"2014-10-06T07:51:16","slug":"volkshochschule-weitet-ihre-deutschkurse-fuer-migranten-aus-beitrag-zur-willkommenskultur-und-fachkraeftesicherung","status":"publish","type":"post","link":"https:\/\/www.fuldaernachrichten.de\/?p=130219","title":{"rendered":"Volkshochschule weitet ihre Deutschkurse f\u00fcr Migranten aus &#8211; Beitrag zur Willkommenskultur und Fachkr\u00e4ftesicherung"},"content":{"rendered":"<p><a href=\"http:\/\/www.fuldaer-nachrichten.de\/wp-content\/uploads\/2014\/10\/488-VHS-1.jpg\"><img fetchpriority=\"high\" decoding=\"async\" class=\"alignleft size-full wp-image-130220\" src=\"http:\/\/www.fuldaer-nachrichten.de\/wp-content\/uploads\/2014\/10\/488-VHS-1.jpg\" alt=\"488-VHS 1\" width=\"560\" height=\"340\" \/><\/a><\/p>\n<p>Poppenhausen\/Wasserkuppe. Als Anerkennung f\u00fcr die vor Ort geleistete Arbeit und zur F\u00f6rderung des gegenseitigen Erfahrungsaustauschs l\u00e4dt die Volkshochschule des Landkreises Fulda einmal im Jahr ihre Zweigstellenleiter zu einem Ausflug ein. Diesmal fiel die Wahl auf den Fr\u00fcchtepfad in Poppenhausen. Anschlie\u00dfend ging es auf die Wasserkuppe zu einer Informationsveranstaltung \u00fcber den Sternenpark Rh\u00f6n.<!--more--><\/p>\n<p>Bevor Kursleiterin Ute Krenzer bei einer F\u00fchrung n\u00e4here Erl\u00e4uterungen zu dem vor zwei Jahren angelegten Fr\u00fcchtepfad gab, hatte B\u00fcrgermeister Manfred Helfrich darauf hingewiesen, dass die Anspr\u00fcche der heutigen Urlaubsg\u00e4ste gewachsen seien und solche touristischen Einrichtungen wie Themenwanderwege sinnvoll machten. Der B\u00fcrgermeister griff die Eingangsbemerkung von VHS-Leiter Michael Friedrich auf, der Poppenhausen eine \u00fcberdurchschnittliche hohe Weiterbildungsquote attestiert hatte. Die Gemeinde unterst\u00fctze die Volkshochschule nicht nur durch eine generell an Bildungsangeboten interessierte B\u00fcrgerschaft, sondern auch einen sehr engagierten Zweigstellenleiter und die Bereitstellung von R\u00e4umlichkeiten f\u00fcr Kurse.<\/p>\n<p>Auf der Wasserkuppe stellte Michael Friedrich die Sternenpark-Mitarbeiterin Sabine Frank vor, die auch WIR-Koordinatorin des Landkreises ist und sich im Rahmen dieses Projekt mit ihrer Kollegin Erzebet N\u00fcchter um die Integration von Migranten k\u00fcmmert. Nach ihrem Einzug in das VHS-Geb\u00e4ude am Gallasiniring habe die Volkshochschule die beiden WIR-Koordinatorinnen r\u00e4umlich \u201eadoptiert\u201c, sagte Friedrich. Aber auch inhaltlich gebe es viele Gemeinsamkeiten. So wolle die Volkshochschule ihre Deutschkurse ausweiten, um ausl\u00e4ndische Staatsangeh\u00f6rige besser in das gesellschaftliche Leben zu integrieren und deren Arbeitsmarktchancen zu erh\u00f6hen. Dies sei ein Beitrag zur Willkommenskultur und gleichzeitig zur Fachkr\u00e4ftegewinnung zum Beispiel in Pflege und Gastronomie.<\/p>\n<p>&nbsp;<\/p>\n","protected":false},"excerpt":{"rendered":"<div class=\"tmnf_excerpt\"><p>Poppenhausen\/Wasserkuppe. Als Anerkennung f\u00fcr die vor Ort geleistete Arbeit und zur F\u00f6rderung des gegenseitigen Erfahrungsaustauschs l\u00e4dt die Volkshochschule des Landkreises Fulda einmal im Jahr ihre Zweigstellenleiter zu einem Ausflug ein. Diesmal fiel die Wahl auf den Fr\u00fcchtepfad in Poppenhausen. Anschlie\u00dfend ging es auf die Wasserkuppe zu einer Informationsveranstaltung \u00fcber den Sternenpark Rh\u00f6n.<\/p>\n<\/div>","protected":false},"author":1,"featured_media":0,"comment_status":"closed","ping_status":"closed","sticky":false,"template":"","format":"standard","meta":{"footnotes":""},"categories":[1,53,78],"tags":[],"class_list":["post-130219","post","type-post","status-publish","format-standard","hentry","category-startseite","category-bildung","category-topthema"],"_links":{"self":[{"href":"https:\/\/www.fuldaernachrichten.de\/index.php?rest_route=\/wp\/v2\/posts\/130219","targetHints":{"allow":["GET"]}}],"collection":[{"href":"https:\/\/www.fuldaernachrichten.de\/index.php?rest_route=\/wp\/v2\/posts"}],"about":[{"href":"https:\/\/www.fuldaernachrichten.de\/index.php?rest_route=\/wp\/v2\/types\/post"}],"author":[{"embeddable":true,"href":"https:\/\/www.fuldaernachrichten.de\/index.php?rest_route=\/wp\/v2\/users\/1"}],"replies":[{"embeddable":true,"href":"https:\/\/www.fuldaernachrichten.de\/index.php?rest_route=%2Fwp%2Fv2%2Fcomments&post=130219"}],"version-history":[{"count":2,"href":"https:\/\/www.fuldaernachrichten.de\/index.php?rest_route=\/wp\/v2\/posts\/130219\/revisions"}],"predecessor-version":[{"id":130246,"href":"https:\/\/www.fuldaernachrichten.de\/index.php?rest_route=\/wp\/v2\/posts\/130219\/revisions\/130246"}],"wp:attachment":[{"href":"https:\/\/www.fuldaernachrichten.de\/index.php?rest_route=%2Fwp%2Fv2%2Fmedia&parent=130219"}],"wp:term":[{"taxonomy":"category","embeddable":true,"href":"https:\/\/www.fuldaernachrichten.de\/index.php?rest_route=%2Fwp%2Fv2%2Fcategories&post=130219"},{"taxonomy":"post_tag","embeddable":true,"href":"https:\/\/www.fuldaernachrichten.de\/index.php?rest_route=%2Fwp%2Fv2%2Ftags&post=130219"}],"curies":[{"name":"wp","href":"https:\/\/api.w.org\/{rel}","templated":true}]}}