{"id":13019,"date":"2008-10-24T00:17:17","date_gmt":"2008-10-23T22:17:17","guid":{"rendered":"http:\/\/www.schoene-nachrichten.de\/?p=13019"},"modified":"2008-10-23T23:08:33","modified_gmt":"2008-10-23T21:08:33","slug":"im-phaeton-durch-fulda-und-osthessen","status":"publish","type":"post","link":"https:\/\/www.fuldaernachrichten.de\/?p=13019","title":{"rendered":"Im Phaeton durch Fulda und Osthessen"},"content":{"rendered":"<p><a rel=\"lightbox[roadtrip]\" href=\"http:\/\/www.schoene-nachrichten.de\/wp-content\/uploads\/2008\/10\/081023-phaeton.jpg\" target=\"_blank\"><img decoding=\"async\" class=\"alignnone size-thumbnail wp-image-13020\" title=\"081023-phaeton\" src=\"http:\/\/www.schoene-nachrichten.de\/wp-content\/uploads\/2008\/10\/081023-phaeton-128x85.jpg\" alt=\"\" hspace=\"5\" width=\"128\" height=\"85\" align=\"left\" srcset=\"https:\/\/www.fuldaernachrichten.de\/wp-content\/uploads\/2008\/10\/081023-phaeton-128x85.jpg 128w, https:\/\/www.fuldaernachrichten.de\/wp-content\/uploads\/2008\/10\/081023-phaeton.jpg 600w\" sizes=\"(max-width: 128px) 100vw, 128px\" \/><\/a><strong>Fulda. <\/strong>Zahlreiche Entscheidungstr\u00e4ger von bundesweit agierenden Eventagenturen waren am vergangenen Wochenende unterwegs in der Region. Auf Einladung des Fuldaer Maritim-Hotels und dessen Direktor, Sandro Schmidt, erkundeten sie die Angebote in den Bereichen Freizeit und Kultur, die in und um die Domstadt geboten werden.<\/p>\n<p><!--more--><\/p>\n<p>F\u00fcr die Etappen zwischen Innenstadt und den Stationen im Umland hatte das VW-Zentrum-Fulda eine Flotte des VW-Premiummodells Phaeton samt Fahrern zur Verf\u00fcgung gestellt. \u201eDas Bestreben, die Highlights unserer Region bundesweit zu vermarkten, unterst\u00fctzen wir nat\u00fcrlich gerne \u2013 und die Teilnehmer waren wohl nicht nur von der Tour durch Fulda und die Region begeistert, sondern auch von unserem Premiummodell Phaeton. Alles in allem also ein toller Erfolg\u201c, res\u00fcmierte Gerhard Wiegand, Verkaufsleiter des Volkswagen-Zentrums-Fulda. Das au\u00dfergew\u00f6hnliche Programm f\u00fchrte die Eventspezialisten nach einem \u201eM\u00f6nchsabend\u201c im Waffensaal des Maritim am n\u00e4chsten Morgen auf Schusters Rappen durch die barocke Altstadt zum Vonderau-Museum.<\/p>\n<p>Von dort aus ging es dann mit der Phaeton-Flotte und im Geleit von zwei schweren Harley-Davidson-Motorr\u00e4dern zun\u00e4chst nach Adolphseck: Dort wurden Schloss und Park besichtigt bevor vor der imposanten Kulisse das Gruppenfoto entstand. Anschlie\u00dfend fuhr der Phaeton-Konvoi zur\u00fcck nach Fulda, wo die Kartbahn und das Feuerwehrmuseum auf dem Plan standen, bevor als n\u00e4chste Stationen die Hessenm\u00fchle, der Hochseilgarten der Familie Foberich, eine Fahrt in einer historischen Postkutsche zur Schlitzer Kornbrennerei (inklusive Besichtigung) und schlie\u00dflich der Abschluss im Maritim folgten.<\/p>\n","protected":false},"excerpt":{"rendered":"<div class=\"tmnf_excerpt\"><p>Fulda. Zahlreiche Entscheidungstr\u00e4ger von bundesweit agierenden Eventagenturen waren am vergangenen Wochenende unterwegs in der Region. Auf Einladung des Fuldaer Maritim-Hotels und dessen Direktor, Sandro Schmidt, erkundeten sie die Angebote in den Bereichen Freizeit und Kultur, die in und um die Domstadt geboten werden.<\/p>\n<\/div>","protected":false},"author":1,"featured_media":0,"comment_status":"closed","ping_status":"closed","sticky":false,"template":"","format":"standard","meta":{"footnotes":""},"categories":[1,35],"tags":[],"class_list":["post-13019","post","type-post","status-publish","format-standard","hentry","category-startseite","category-auto"],"_links":{"self":[{"href":"https:\/\/www.fuldaernachrichten.de\/index.php?rest_route=\/wp\/v2\/posts\/13019","targetHints":{"allow":["GET"]}}],"collection":[{"href":"https:\/\/www.fuldaernachrichten.de\/index.php?rest_route=\/wp\/v2\/posts"}],"about":[{"href":"https:\/\/www.fuldaernachrichten.de\/index.php?rest_route=\/wp\/v2\/types\/post"}],"author":[{"embeddable":true,"href":"https:\/\/www.fuldaernachrichten.de\/index.php?rest_route=\/wp\/v2\/users\/1"}],"replies":[{"embeddable":true,"href":"https:\/\/www.fuldaernachrichten.de\/index.php?rest_route=%2Fwp%2Fv2%2Fcomments&post=13019"}],"version-history":[{"count":0,"href":"https:\/\/www.fuldaernachrichten.de\/index.php?rest_route=\/wp\/v2\/posts\/13019\/revisions"}],"wp:attachment":[{"href":"https:\/\/www.fuldaernachrichten.de\/index.php?rest_route=%2Fwp%2Fv2%2Fmedia&parent=13019"}],"wp:term":[{"taxonomy":"category","embeddable":true,"href":"https:\/\/www.fuldaernachrichten.de\/index.php?rest_route=%2Fwp%2Fv2%2Fcategories&post=13019"},{"taxonomy":"post_tag","embeddable":true,"href":"https:\/\/www.fuldaernachrichten.de\/index.php?rest_route=%2Fwp%2Fv2%2Ftags&post=13019"}],"curies":[{"name":"wp","href":"https:\/\/api.w.org\/{rel}","templated":true}]}}