{"id":13014,"date":"2008-10-24T00:14:25","date_gmt":"2008-10-23T22:14:25","guid":{"rendered":"http:\/\/www.schoene-nachrichten.de\/?p=13014"},"modified":"2008-10-23T23:06:45","modified_gmt":"2008-10-23T21:06:45","slug":"rolf-zuckowski-singt-und-laedt-zum-teilen-ein","status":"publish","type":"post","link":"https:\/\/www.fuldaernachrichten.de\/?p=13014","title":{"rendered":"Rolf Zuckowski singt und l\u00e4dt zum Teilen ein"},"content":{"rendered":"<p><a rel=\"lightbox[roadtrip]\" href=\"http:\/\/www.schoene-nachrichten.de\/wp-content\/uploads\/2008\/10\/081023-rolf-1.jpg\" target=\"_blank\"><img decoding=\"async\" class=\"alignnone size-thumbnail wp-image-13015\" title=\"081023-rolf-1\" src=\"http:\/\/www.schoene-nachrichten.de\/wp-content\/uploads\/2008\/10\/081023-rolf-1-128x85.jpg\" alt=\"\" hspace=\"5\" width=\"128\" height=\"85\" align=\"left\" srcset=\"https:\/\/www.fuldaernachrichten.de\/wp-content\/uploads\/2008\/10\/081023-rolf-1-128x85.jpg 128w, https:\/\/www.fuldaernachrichten.de\/wp-content\/uploads\/2008\/10\/081023-rolf-1.jpg 600w\" sizes=\"(max-width: 128px) 100vw, 128px\" \/><\/a><strong>Schl\u00fcchtern\/Hamburg.<\/strong> Bei bestem Herbstwetter startete die diesj\u00e4hrige Martinshilfe. Hierzu hatte Constantin von Brandenstein-Zeppelin, Pr\u00e4sident der Malteser, nach Schl\u00fcchtern geladen. Neben dem bekannten S\u00e4nger Rolf Zuckowski waren auch viele Kinder aus der Umgebung gekommen.<\/p>\n<p><!--more-->\u201eKommt, wir woll\u00c2\u00b4n Laterne laufen\u201c schallte es den schmalen Weg zur Burg hoch. Rolf Zuckowski, Komponist und Textdichter unz\u00e4hliger Kinderhits und ca. 100 kleine Mits\u00e4nger folgten einem berittenen St. Martin auf die Burg Brandenstein bei Fulda. Damit er\u00f6ffnete der Schirmherr der Martinshilfe die diesj\u00e4hrige Aktion. \u201c Die Martinshilfe kann Kindern in geradezu idealer Weise vermitteln, dass Teilen nicht verlieren sondern gewinnen hei\u00dft.\u201c<\/p>\n<p>Die Martinshilfe sammelt rund um das Fest des Heiligen Martin am 11. November Spenden, welche die Arbeit der Malteser f\u00fcr die \u00c4rmsten der Armen in aller Welt m\u00f6glich macht. Die Aktion greift das Bild des Mantel teilenden Soldaten auf: Leid sehen und helfen. Daf\u00fcr werden Martinshelfer gesucht. Die Martinshelfer bitten Veranstalter von Martinsfesten und Laternen-umz\u00fcgen, auf ihren Feiern auf die Martinshilfe aufmerksam zu machen. Im Gegenzug kann unter www.martinshilfe.de kostenlos umfangreiches Material bestellt werden. Neben Rolf Zuckowski ist Bundesministerin Heidemarie Wieczorek-Zeul Schirmfrau der Martinshilfe. 2008 unterst\u00fctzt die Martinshilfe Projekte der Malteser in einer besonders durch Armut und B\u00fcrgerkrieg gepr\u00e4gten Region in Kambodscha.<\/p>\n<p>Auch in diesem Jahr werden \u00fcberall in Deutschland Kinder auf ihren Martinsfeiern zum Teilen aufrufen und die Spendendose herumreichen.  Rolf Zuckowski m\u00f6chte mit seinem Engagement seinen Beitrag leisten, m\u00f6glichst viele Martinshelfer zu gewinnen: \u201e Wir gehen gemeinsam mit dem Licht in die Welt. Wir teilen und Kinder in anderen L\u00e4ndern profitieren davon, dass wir etwas abgeben!\u201c Noch bis zum 11. November, dem eigentlichen Martinsfest sind bundesweit nun viele kleine und gro\u00dfe Martinshelfer unterwegs.<\/p>\n","protected":false},"excerpt":{"rendered":"<div class=\"tmnf_excerpt\"><p>Schl\u00fcchtern\/Hamburg. Bei bestem Herbstwetter startete die diesj\u00e4hrige Martinshilfe. Hierzu hatte Constantin von Brandenstein-Zeppelin, Pr\u00e4sident der Malteser, nach Schl\u00fcchtern geladen. Neben dem bekannten S\u00e4nger Rolf Zuckowski waren auch viele Kinder aus der Umgebung gekommen.<\/p>\n<\/div>","protected":false},"author":1,"featured_media":0,"comment_status":"closed","ping_status":"closed","sticky":false,"template":"","format":"standard","meta":{"footnotes":""},"categories":[1,72,44],"tags":[],"class_list":["post-13014","post","type-post","status-publish","format-standard","hentry","category-startseite","category-jugend","category-kultur"],"_links":{"self":[{"href":"https:\/\/www.fuldaernachrichten.de\/index.php?rest_route=\/wp\/v2\/posts\/13014","targetHints":{"allow":["GET"]}}],"collection":[{"href":"https:\/\/www.fuldaernachrichten.de\/index.php?rest_route=\/wp\/v2\/posts"}],"about":[{"href":"https:\/\/www.fuldaernachrichten.de\/index.php?rest_route=\/wp\/v2\/types\/post"}],"author":[{"embeddable":true,"href":"https:\/\/www.fuldaernachrichten.de\/index.php?rest_route=\/wp\/v2\/users\/1"}],"replies":[{"embeddable":true,"href":"https:\/\/www.fuldaernachrichten.de\/index.php?rest_route=%2Fwp%2Fv2%2Fcomments&post=13014"}],"version-history":[{"count":0,"href":"https:\/\/www.fuldaernachrichten.de\/index.php?rest_route=\/wp\/v2\/posts\/13014\/revisions"}],"wp:attachment":[{"href":"https:\/\/www.fuldaernachrichten.de\/index.php?rest_route=%2Fwp%2Fv2%2Fmedia&parent=13014"}],"wp:term":[{"taxonomy":"category","embeddable":true,"href":"https:\/\/www.fuldaernachrichten.de\/index.php?rest_route=%2Fwp%2Fv2%2Fcategories&post=13014"},{"taxonomy":"post_tag","embeddable":true,"href":"https:\/\/www.fuldaernachrichten.de\/index.php?rest_route=%2Fwp%2Fv2%2Ftags&post=13014"}],"curies":[{"name":"wp","href":"https:\/\/api.w.org\/{rel}","templated":true}]}}