{"id":1301,"date":"2007-02-03T01:41:40","date_gmt":"2007-02-03T00:41:40","guid":{"rendered":"http:\/\/www.schoene-nachrichten.de\/?p=1301"},"modified":"2007-02-04T20:48:30","modified_gmt":"2007-02-04T19:48:30","slug":"juli-zu-gast-in-der-fulda-2800-fans-kamen-in-die-esperantohalle","status":"publish","type":"post","link":"https:\/\/www.fuldaernachrichten.de\/?p=1301","title":{"rendered":"Juli zu Gast in Fulda &#8211; 2800 Fans kamen in die Esperantohalle"},"content":{"rendered":"<p><strong>Sch\u00f6nes aus Fulda.<\/strong> Die Giessener Band Juli gastierte gestern Abend in der Esperantohalle in Fulda. Kaum eine Pop und Rock Band hat in Deutschland bislang in der Musikwelt f\u00fcr soviel Begeisterung gesorgt, wie diese vier Musiker mit S\u00e4ngerin Eva Briegel, die gestern abend mal wieder f\u00fcr Stimmung sorgte. Ihre allererste Single ist noch heute ein totaler Ohrwurm, der t\u00e4glich Radio gespielt wird. Und ganz zu Recht! Rund 2800 Fans, darunter viele junge Zuschauer, konnten ihre Textsicherheit bei Liedern wie &#8220;Dieses Leben&#8221;, &#8220;Warum&#8221;, &#8220;November&#8221; oder &#8220;Geile Zeit&#8221; unter Beweis stellen. Mit gekonntem\u00c2\u00a0 &#8220;hessisch&#8221; zitierte die S\u00e4ngerin aus dem Programm von Badesalz, welches nach eigenen Angaben zur Vorbereitung auf das Konzert in der Umkleide geh\u00f6rt wurde. (?!)<\/p>\n<p><strong>Fotos (21):<\/strong> Max Colin Heydenreich<\/p>\n<p><a target=\"_blank\" href=\"http:\/\/www.schoene-nachrichten.de\/wp-content\/uploads\/2007\/02\/070203_juli_14.jpg\" title=\"Fotos (21): Max Colin Heydenreich\"><img decoding=\"async\" src=\"http:\/\/www.schoene-nachrichten.de\/wp-content\/uploads\/2007\/02\/070203_juli_14.thumbnail.jpg\" alt=\"070203_juli_14.jpg\" height=\"85\" id=\"image1315\" \/><\/a>\u00c2\u00a0<a target=\"_blank\" href=\"http:\/\/www.schoene-nachrichten.de\/wp-content\/uploads\/2007\/02\/070203_juli_16.jpg\" title=\"Fotos (21): Max Colin Heydenreich\"><img decoding=\"async\" src=\"http:\/\/www.schoene-nachrichten.de\/wp-content\/uploads\/2007\/02\/070203_juli_16.thumbnail.jpg\" alt=\"070203_juli_16.jpg\" height=\"85\" id=\"image1317\" \/><\/a>\u00c2\u00a0<a target=\"_blank\" href=\"http:\/\/www.schoene-nachrichten.de\/wp-content\/uploads\/2007\/02\/070203_juli_17.jpg\" title=\"Fotos (21): Max Colin Heydenreich\"><img decoding=\"async\" src=\"http:\/\/www.schoene-nachrichten.de\/wp-content\/uploads\/2007\/02\/070203_juli_17.thumbnail.jpg\" alt=\"070203_juli_17.jpg\" height=\"85\" id=\"image1318\" \/><\/a><\/p>\n<p><a target=\"_blank\" href=\"http:\/\/www.schoene-nachrichten.de\/wp-content\/uploads\/2007\/02\/070203_juli_08.jpg\" title=\"Fotos (21): Max Colin Heydenreich\"><img decoding=\"async\" src=\"http:\/\/www.schoene-nachrichten.de\/wp-content\/uploads\/2007\/02\/070203_juli_08.thumbnail.jpg\" alt=\"070203_juli_08.jpg\" height=\"85\" id=\"image1309\" \/><\/a>\u00c2\u00a0<a target=\"_blank\" href=\"http:\/\/www.schoene-nachrichten.de\/wp-content\/uploads\/2007\/02\/070203_juli_18.jpg\" title=\"Fotos (21): Max Colin Heydenreich\"><img decoding=\"async\" src=\"http:\/\/www.schoene-nachrichten.de\/wp-content\/uploads\/2007\/02\/070203_juli_18.thumbnail.jpg\" alt=\"070203_juli_18.jpg\" height=\"85\" id=\"image1319\" \/><\/a>\u00c2\u00a0<a target=\"_blank\" href=\"http:\/\/www.schoene-nachrichten.de\/wp-content\/uploads\/2007\/02\/070203_juli_19.jpg\" title=\"Fotos (21): Max Colin Heydenreich\"><img decoding=\"async\" src=\"http:\/\/www.schoene-nachrichten.de\/wp-content\/uploads\/2007\/02\/070203_juli_19.thumbnail.jpg\" alt=\"070203_juli_19.jpg\" height=\"85\" id=\"image1320\" \/><\/a><\/p>\n<p><!--more-->Eine wirklich gelungener Abend war es f\u00fcr die Wohngruppe &#8220;Kronhof&#8221; des Antoniusheims. Nachdem 10 Bewohner ihren Wunsch ge\u00e4u\u00dfert haben, zu dem Konzert gehen zu wollen, organisierte die Kreuz GmbH, die als Veranstalter agierte, einen Kontakt zu der Band. Nach kurzer R\u00fccksprache haben alle Wohngruppen-Besucher die Eintrittskarten f\u00fcr 10 Euro, anstatt der 26,30 Euro bekommen. F\u00fcr die 10 Bewohner und die beiden Betreuerinnen war es ein echtes Erlebnis die Band live zu sehen.<\/p>\n<p><a href=\"http:\/\/www.schoene-nachrichten.de\/wp-content\/uploads\/2007\/02\/070203_juli_20.jpg\" title=\"070203_juli_20.jpg\" class=\"imagelink\"><\/a><a target=\"_blank\" href=\"http:\/\/www.schoene-nachrichten.de\/wp-content\/uploads\/2007\/02\/070203_juli_04.jpg\" title=\"Fotos (21): Max Colin Heydenreich\"><img decoding=\"async\" src=\"http:\/\/www.schoene-nachrichten.de\/wp-content\/uploads\/2007\/02\/070203_juli_04.thumbnail.jpg\" alt=\"070203_juli_04.jpg\" height=\"85\" id=\"image1305\" \/><\/a>\u00c2\u00a0<a target=\"_blank\" href=\"http:\/\/www.schoene-nachrichten.de\/wp-content\/uploads\/2007\/02\/070203_juli_21.jpg\" title=\"Fotos (21): Max Colin Heydenreich\"><img decoding=\"async\" src=\"http:\/\/www.schoene-nachrichten.de\/wp-content\/uploads\/2007\/02\/070203_juli_21.thumbnail.jpg\" alt=\"070203_juli_21.jpg\" height=\"85\" id=\"image1322\" \/><\/a>\u00c2\u00a0<a target=\"_blank\" href=\"http:\/\/www.schoene-nachrichten.de\/wp-content\/uploads\/2007\/02\/070203_juli_15.jpg\" title=\"Fotos (21): Max Colin Heydenreich\"><img decoding=\"async\" src=\"http:\/\/www.schoene-nachrichten.de\/wp-content\/uploads\/2007\/02\/070203_juli_15.thumbnail.jpg\" alt=\"070203_juli_15.jpg\" height=\"85\" id=\"image1316\" \/><\/a><\/p>\n<p><a target=\"_blank\" href=\"http:\/\/www.schoene-nachrichten.de\/wp-content\/uploads\/2007\/02\/070203_juli_13.jpg\" title=\"Fotos (21): Max Colin Heydenreich\"><img decoding=\"async\" src=\"http:\/\/www.schoene-nachrichten.de\/wp-content\/uploads\/2007\/02\/070203_juli_13.thumbnail.jpg\" alt=\"070203_juli_13.jpg\" height=\"85\" id=\"image1314\" \/><\/a>\u00c2\u00a0<a target=\"_blank\" href=\"http:\/\/www.schoene-nachrichten.de\/wp-content\/uploads\/2007\/02\/070203_juli_12.jpg\" title=\"Fotos (21): Max Colin Heydenreich\"><img decoding=\"async\" src=\"http:\/\/www.schoene-nachrichten.de\/wp-content\/uploads\/2007\/02\/070203_juli_12.thumbnail.jpg\" alt=\"070203_juli_12.jpg\" height=\"85\" id=\"image1313\" \/><\/a>\u00c2\u00a0<a target=\"_blank\" href=\"http:\/\/www.schoene-nachrichten.de\/wp-content\/uploads\/2007\/02\/070203_juli_10.jpg\" title=\"Fotos (21): Max Colin Heydenreich\"><img decoding=\"async\" src=\"http:\/\/www.schoene-nachrichten.de\/wp-content\/uploads\/2007\/02\/070203_juli_10.thumbnail.jpg\" alt=\"070203_juli_10.jpg\" height=\"85\" id=\"image1311\" \/><\/a><\/p>\n<p><a target=\"_blank\" href=\"http:\/\/www.schoene-nachrichten.de\/wp-content\/uploads\/2007\/02\/070203_juli_09.jpg\" title=\"Fotos (21): Max Colin Heydenreich\"><img decoding=\"async\" src=\"http:\/\/www.schoene-nachrichten.de\/wp-content\/uploads\/2007\/02\/070203_juli_09.thumbnail.jpg\" alt=\"070203_juli_09.jpg\" height=\"85\" id=\"image1310\" \/><\/a>\u00c2\u00a0<a target=\"_blank\" href=\"http:\/\/www.schoene-nachrichten.de\/wp-content\/uploads\/2007\/02\/070203_juli_07.jpg\" title=\"Fotos (21): Max Colin Heydenreich\"><img decoding=\"async\" src=\"http:\/\/www.schoene-nachrichten.de\/wp-content\/uploads\/2007\/02\/070203_juli_07.thumbnail.jpg\" alt=\"070203_juli_07.jpg\" height=\"85\" id=\"image1308\" \/><\/a>\u00c2\u00a0<a target=\"_blank\" href=\"http:\/\/www.schoene-nachrichten.de\/wp-content\/uploads\/2007\/02\/070203_juli_06.jpg\" title=\"Fotos (21): Max Colin Heydenreich\"><img decoding=\"async\" src=\"http:\/\/www.schoene-nachrichten.de\/wp-content\/uploads\/2007\/02\/070203_juli_06.thumbnail.jpg\" alt=\"070203_juli_06.jpg\" height=\"85\" id=\"image1307\" \/><\/a><\/p>\n<p><a target=\"_blank\" href=\"http:\/\/www.schoene-nachrichten.de\/wp-content\/uploads\/2007\/02\/070203_juli_11.jpg\" title=\"Fotos (21): Max Colin Heydenreich\"><img decoding=\"async\" src=\"http:\/\/www.schoene-nachrichten.de\/wp-content\/uploads\/2007\/02\/070203_juli_11.thumbnail.jpg\" alt=\"070203_juli_11.jpg\" height=\"85\" id=\"image1312\" \/><\/a>\u00c2\u00a0<a target=\"_blank\" href=\"http:\/\/www.schoene-nachrichten.de\/wp-content\/uploads\/2007\/02\/070203_juli_03.jpg\" title=\"Fotos (21): Max Colin Heydenreich\"><img decoding=\"async\" src=\"http:\/\/www.schoene-nachrichten.de\/wp-content\/uploads\/2007\/02\/070203_juli_03.thumbnail.jpg\" alt=\"070203_juli_03.jpg\" height=\"85\" id=\"image1304\" \/><\/a>\u00c2\u00a0<a target=\"_blank\" href=\"http:\/\/www.schoene-nachrichten.de\/wp-content\/uploads\/2007\/02\/070203_juli_02.jpg\" title=\"Fotos (21): Max Colin Heydenreich\"><img decoding=\"async\" src=\"http:\/\/www.schoene-nachrichten.de\/wp-content\/uploads\/2007\/02\/070203_juli_02.thumbnail.jpg\" alt=\"070203_juli_02.jpg\" height=\"85\" id=\"image1303\" \/><\/a><\/p>\n<p><a target=\"_blank\" href=\"http:\/\/www.schoene-nachrichten.de\/wp-content\/uploads\/2007\/02\/070203_juli_01.jpg\" title=\"Fotos (21): Max Colin Heydenreich\"><img decoding=\"async\" src=\"http:\/\/www.schoene-nachrichten.de\/wp-content\/uploads\/2007\/02\/070203_juli_01.thumbnail.jpg\" alt=\"070203_juli_01.jpg\" height=\"85\" id=\"image1302\" \/><\/a>\u00c2\u00a0<a target=\"_blank\" href=\"http:\/\/www.schoene-nachrichten.de\/wp-content\/uploads\/2007\/02\/070203_juli_20.jpg\" title=\"Fotos (21): Max Colin Heydenreich\"><img decoding=\"async\" src=\"http:\/\/www.schoene-nachrichten.de\/wp-content\/uploads\/2007\/02\/070203_juli_20.thumbnail.jpg\" alt=\"070203_juli_20.jpg\" height=\"85\" id=\"image1321\" \/><\/a>\u00c2\u00a0<a target=\"_blank\" href=\"http:\/\/www.schoene-nachrichten.de\/wp-content\/uploads\/2007\/02\/070203_juli_05.jpg\" title=\"Fotos (21): Max Colin Heydenreich\"><img decoding=\"async\" src=\"http:\/\/www.schoene-nachrichten.de\/wp-content\/uploads\/2007\/02\/070203_juli_05.thumbnail.jpg\" alt=\"070203_juli_05.jpg\" height=\"85\" id=\"image1306\" \/><\/a><\/p>\n<p>Weitere 64 Fotos gibts unter <a target=\"_blank\" href=\"http:\/\/www.pressefoto-fulda.de\">www.pressefoto-fulda.de<\/a><br \/>\n\u00c2\u00a0<br \/>\nWer Juli verpasst hat, sie aber noch sehen m\u00f6chte, hat morgen die Gelegenheit in Mannheim. Dort spielen sie um 20 Uhr im Maimarktclub. Weitere Informationen, Musiktitel, Fotos und Videos gibt\u00e2\u20ac\u2122s unter\u00c2\u00a0<a target=\"_blank\" href=\"http:\/\/juli.pop24.de\/\">http:\/\/juli.pop24.de\/<\/a>\u00c2\u00a0.<\/p>\n","protected":false},"excerpt":{"rendered":"<div class=\"tmnf_excerpt\"><p>Sch\u00f6nes aus Fulda. Die Giessener Band Juli gastierte gestern Abend in der Esperantohalle in Fulda. Kaum eine Pop und Rock Band hat in Deutschland bislang in der Musikwelt f\u00fcr soviel Begeisterung gesorgt, wie diese vier Musiker mit S\u00e4ngerin Eva Briegel, die gestern abend mal wieder f\u00fcr Stimmung sorgte. Ihre allererste Single ist noch heute ein &hellip;<\/p>\n<\/div>","protected":false},"author":1,"featured_media":0,"comment_status":"closed","ping_status":"closed","sticky":false,"template":"","format":"standard","meta":{"footnotes":""},"categories":[1,54,44],"tags":[],"class_list":["post-1301","post","type-post","status-publish","format-standard","hentry","category-startseite","category-bildergalerien","category-kultur"],"_links":{"self":[{"href":"https:\/\/www.fuldaernachrichten.de\/index.php?rest_route=\/wp\/v2\/posts\/1301","targetHints":{"allow":["GET"]}}],"collection":[{"href":"https:\/\/www.fuldaernachrichten.de\/index.php?rest_route=\/wp\/v2\/posts"}],"about":[{"href":"https:\/\/www.fuldaernachrichten.de\/index.php?rest_route=\/wp\/v2\/types\/post"}],"author":[{"embeddable":true,"href":"https:\/\/www.fuldaernachrichten.de\/index.php?rest_route=\/wp\/v2\/users\/1"}],"replies":[{"embeddable":true,"href":"https:\/\/www.fuldaernachrichten.de\/index.php?rest_route=%2Fwp%2Fv2%2Fcomments&post=1301"}],"version-history":[{"count":0,"href":"https:\/\/www.fuldaernachrichten.de\/index.php?rest_route=\/wp\/v2\/posts\/1301\/revisions"}],"wp:attachment":[{"href":"https:\/\/www.fuldaernachrichten.de\/index.php?rest_route=%2Fwp%2Fv2%2Fmedia&parent=1301"}],"wp:term":[{"taxonomy":"category","embeddable":true,"href":"https:\/\/www.fuldaernachrichten.de\/index.php?rest_route=%2Fwp%2Fv2%2Fcategories&post=1301"},{"taxonomy":"post_tag","embeddable":true,"href":"https:\/\/www.fuldaernachrichten.de\/index.php?rest_route=%2Fwp%2Fv2%2Ftags&post=1301"}],"curies":[{"name":"wp","href":"https:\/\/api.w.org\/{rel}","templated":true}]}}