{"id":130055,"date":"2014-10-01T00:26:46","date_gmt":"2014-10-01T00:26:46","guid":{"rendered":"http:\/\/www.fuldaer-nachrichten.de\/?p=130055"},"modified":"2014-10-01T07:35:49","modified_gmt":"2014-10-01T07:35:49","slug":"jungunternehmer-im-halbfinale-des-hessischen-gruenderpreises-mit-online-portal-fuer-mon-teurzimmer","status":"publish","type":"post","link":"https:\/\/www.fuldaernachrichten.de\/?p=130055","title":{"rendered":"Jungunternehmer im Halbfinale des Hessischen Gr\u00fcnderpreises mit Online-Portal f\u00fcr Monteurzimmer"},"content":{"rendered":"<p><a href=\"http:\/\/www.fuldaer-nachrichten.de\/wp-content\/uploads\/2014\/10\/479-Bastian-und-Christopher-Nitzschke-Fotografin-Sarah-B\u00fcttner.jpg\"><img fetchpriority=\"high\" decoding=\"async\" class=\"alignnone size-full wp-image-130057\" src=\"http:\/\/www.fuldaer-nachrichten.de\/wp-content\/uploads\/2014\/10\/479-Bastian-und-Christopher-Nitzschke-Fotografin-Sarah-B\u00fcttner.jpg\" alt=\"479-Bastian und Christopher Nitzschke- Fotografin Sarah B\u00fcttner\" width=\"560\" height=\"360\" \/><\/a><\/p>\n<p>K\u00fcnzell\/Gelnhausen. Es ist bereits eine Erfolgsgeschichte und k\u00f6nnte sich f\u00fcr die Firmengr\u00fcnder des Online-Portals \u201emein-Monteurzimmer.de\u201c, Bastian und Christopher Nitzschke, mit einer weiteren Qualit\u00e4tsauszeichnung bezahlt machen. Die Inhaber des noch jungen Unternehmens mit Sitz in K\u00fcnzell sind f\u00fcr den Hessischen Gr\u00fcnderpreis in der Kategorie \u201eGeschaffene Arbeitspl\u00e4tze\u201c nominiert und m\u00fcssen sich im Halbfinale morgen in Gelnhausen gegen 35 Mitbewerber durchsetzen.<!--more--><\/p>\n<p>Als die Br\u00fcder Bastian und Christopher Nitzschke Ende 2012 auf die Idee kamen, ein eigenes Internetportal f\u00fcr Monteure und Handwerker zu gr\u00fcnden, kam ihnen ihre berufliche Expertise zugute. \u201eWir kommen beide aus der Personaldienstleistungsbranche und haben oft f\u00fcr unsere bundesweit t\u00e4tigen Facharbeiter Unterk\u00fcnfte organisiert. Dabei war es immer eine besondere Herausforderung, preisg\u00fcnstige, aber auch akzeptable Unterk\u00fcnfte f\u00fcr die Mitarbeiter zu finden\u201c, erz\u00e4hlt der 29-j\u00e4hrige Bastian Nitzschke.<\/p>\n<p>Gemeinsam mit seinem drei Jahre j\u00fcngeren Bruder Christopher gr\u00fcndete er vor eineinhalb Jahren das Internetportal \u201emein-Monteurzimmer.de\u201c und besetzte eine Marktl\u00fccke. Mit einer Online-Marketing Kampagne und gro\u00df angelegter Pressearbeit schafften es die Jungunternehmer binnen eines Jahres, sich als das Portal mit dem gr\u00f6\u00dften Angebot in Deutschland speziell f\u00fcr Monteurunterk\u00fcnfte zu etablieren. Mittlerweile nutzen selbst Studenten die preisg\u00fcnstigen und transparenten Angebote des K\u00fcnzeller Unternehmens.<\/p>\n<p>\u201eWir stellen die Plattform f\u00fcr Vermieter und Mieter zur Verf\u00fcgung, suchen dabei auch in Kleinst\u00e4dten und nutzen Stadtrandlagen im Bereich von gro\u00dfen St\u00e4dten und Ballungszentren\u201c, sagen die beiden Br\u00fcder. Auf teure Unterk\u00fcnfte wird verzichtet, die Preisspanne beginnt bei etwa 15 Euro und endet bei maximal 40 Euro f\u00fcr ein Einzelzimmer. Die Preise k\u00f6nnen gefiltert werden, ebenso wie der maximale Radius um einen Einsatzort, der etwa bei 30 Kilometern liegt. Durch Eingabe der Postleitzahl oder des Ortes werden dabei alle erfassten Unterk\u00fcnfte angezeigt. Auch bietet das Portal einen Ratgeber f\u00fcr Vermieter und solche, die es werden wollen.<\/p>\n<p>Durch die vom Start weg unglaubliche Resonanz in der Branche konnten die beiden Existenzgr\u00fcnder neue Arbeitspl\u00e4tze schaffen. Mittlerweile arbeiten 14 Angestellte f\u00fcr das K\u00fcnzeller Unternehmen, Tendenz steigend. F\u00fcr eben diese Kategorie \u2013 Geschaffene Arbeitspl\u00e4tze \u2013 haben sich die beiden Br\u00fcder beim Hessischen Gr\u00fcnderpreis 2014 beworben. Jetzt gilt es im Halbfinale gegen 35 Mitbewerber zu bestehen und ins Finale einzuziehen. Wie sich ein m\u00f6glicher Sieg anf\u00fchlt, wissen die beiden Gesch\u00e4ftsf\u00fchrer des Internet-Portals ganz genau, schlie\u00dflich konnten sie in 2013 \u2013 dem Jahr ihrer Gr\u00fcndung \u2013 schon den ersten Platz in der Kategorie \u201eFachhandel\u201c erringen. Das Urteil der Jury damals: \u201eIdee und Umsetzung haben absolut \u00fcberzeugt. Dank der einfachen Benutzerf\u00fchrung finden Handwerker schnell die passende Bleibe innerhalb Deutschlands.\u201c<\/p>\n","protected":false},"excerpt":{"rendered":"<div class=\"tmnf_excerpt\"><p>K\u00fcnzell\/Gelnhausen. Es ist bereits eine Erfolgsgeschichte und k\u00f6nnte sich f\u00fcr die Firmengr\u00fcnder des Online-Portals \u201emein-Monteurzimmer.de\u201c, Bastian und Christopher Nitzschke, mit einer weiteren Qualit\u00e4tsauszeichnung bezahlt machen. Die Inhaber des noch jungen Unternehmens mit Sitz in K\u00fcnzell sind f\u00fcr den Hessischen Gr\u00fcnderpreis in der Kategorie \u201eGeschaffene Arbeitspl\u00e4tze\u201c nominiert und m\u00fcssen sich im Halbfinale morgen in Gelnhausen gegen &hellip;<\/p>\n<\/div>","protected":false},"author":1,"featured_media":0,"comment_status":"closed","ping_status":"closed","sticky":false,"template":"","format":"standard","meta":{"footnotes":""},"categories":[1,78],"tags":[],"class_list":["post-130055","post","type-post","status-publish","format-standard","hentry","category-startseite","category-topthema"],"_links":{"self":[{"href":"https:\/\/www.fuldaernachrichten.de\/index.php?rest_route=\/wp\/v2\/posts\/130055","targetHints":{"allow":["GET"]}}],"collection":[{"href":"https:\/\/www.fuldaernachrichten.de\/index.php?rest_route=\/wp\/v2\/posts"}],"about":[{"href":"https:\/\/www.fuldaernachrichten.de\/index.php?rest_route=\/wp\/v2\/types\/post"}],"author":[{"embeddable":true,"href":"https:\/\/www.fuldaernachrichten.de\/index.php?rest_route=\/wp\/v2\/users\/1"}],"replies":[{"embeddable":true,"href":"https:\/\/www.fuldaernachrichten.de\/index.php?rest_route=%2Fwp%2Fv2%2Fcomments&post=130055"}],"version-history":[{"count":2,"href":"https:\/\/www.fuldaernachrichten.de\/index.php?rest_route=\/wp\/v2\/posts\/130055\/revisions"}],"predecessor-version":[{"id":130068,"href":"https:\/\/www.fuldaernachrichten.de\/index.php?rest_route=\/wp\/v2\/posts\/130055\/revisions\/130068"}],"wp:attachment":[{"href":"https:\/\/www.fuldaernachrichten.de\/index.php?rest_route=%2Fwp%2Fv2%2Fmedia&parent=130055"}],"wp:term":[{"taxonomy":"category","embeddable":true,"href":"https:\/\/www.fuldaernachrichten.de\/index.php?rest_route=%2Fwp%2Fv2%2Fcategories&post=130055"},{"taxonomy":"post_tag","embeddable":true,"href":"https:\/\/www.fuldaernachrichten.de\/index.php?rest_route=%2Fwp%2Fv2%2Ftags&post=130055"}],"curies":[{"name":"wp","href":"https:\/\/api.w.org\/{rel}","templated":true}]}}