{"id":130034,"date":"2014-09-30T06:41:25","date_gmt":"2014-09-30T06:41:25","guid":{"rendered":"http:\/\/www.fuldaer-nachrichten.de\/?p=130034"},"modified":"2014-10-01T06:42:22","modified_gmt":"2014-10-01T06:42:22","slug":"der-arbeitsmarkt-im-september-hessischer-arbeitsmarkt-zeigt-sich-weiterhin-robust","status":"publish","type":"post","link":"https:\/\/www.fuldaernachrichten.de\/?p=130034","title":{"rendered":"Der Arbeitsmarkt im September Hessischer Arbeitsmarkt zeigt sich weiterhin robust"},"content":{"rendered":"<p>Hessen. Im September ging die Arbeitslosigkeit in Hessen erwartungsgem\u00e4\u00df zur\u00fcck. Der Arbeitsmarkt zeigt sich weiterhin stabil, eine Entwicklung die ebenfalls durch die kontinuierlich steigenden Stellenzug\u00e4nge gest\u00fctzt wird. Dennoch f\u00e4llt die f\u00fcr einen September saison\u00fcbliche Entlastung schw\u00e4cher aus als in den Vorjahren. Dr. Frank Martin, Leiter der Regionaldirektion Hessen, sieht den hessischen Arbeitsmarkt auch in den n\u00e4chsten Monaten diesem Trend folgen:<!--more--><\/p>\n<p>\u201eDer Herbst verspricht stabil zu bleiben und es lassen sich derzeit keine konjunkturellen Dellen erkennen. Die sehr guten Stellenzug\u00e4nge der letzten beiden Monate, der stete Besch\u00e4ftigungsaufbau und die Tatsache, dass Kurzarbeit derzeit kein Thema ist, weisen da-rauf hin, dass sich der hessische Arbeitsmarkt bislang unbeeindruckt von internationalen Krisen und verhaltenen Wachstumsprognosen zeigt\u201c.\u00c2\u00a0 Dass sich die Arbeitslosigkeit deutlich nach unten entwickeln wird, erwartet Martin nicht.<\/p>\n<p>\u201eDie Herausforderung f\u00fcr die kommenden Jahre muss sein, Personengruppen, die bislang nur gering oder gar nicht von den guten Rahmenbedingungen profitieren, bei der Arbeitssuche noch gezielter zu unterst\u00fctzen. Derzeit konkurrieren Arbeitslose bei Ihrer R\u00fcckkehr auf den Arbeitsmarkt vor allem mit all jenen, die aus der sogenannten Stillen Reserve ins Berufsleben dr\u00e4ngen.\u201c<br \/>\n<strong>\u00c2\u00a0<\/strong><br \/>\n<strong>Arbeitslosigkeit in Hessen: Entwicklung im September<\/strong><\/p>\n<p>Insgesamt waren zum Stichtag 182.657 arbeitslose Frauen und M\u00e4nner bei den Agenturen f\u00fcr Arbeit in Hessen registriert. Das waren 3,9 Prozent (7.448) weniger als im August und 0,6 Prozent (1.149) mehr als im Vorjahresmonat. Die Arbeitslosenquote sank um 0,2 Pro-zentpunkte auf jetzt 5,7 Prozent (August: 5,9 Prozent). Im Vorjahresmonat lag die Quote ebenfalls bei 5,7 Prozent. Saisonbereinigt stieg der Arbeitslosenbestand gegen\u00fcber dem Vormonat und dem Vorjahr leicht an.<\/p>\n<p>Im September konnten alle Personengruppen vom R\u00fcckgang der Arbeitslosenzahlen profi-tieren. Der Ausbildungsbeginn hat vor allen Dingen f\u00fcr ein Sinken der Jugendarbeitslosigkeit gesorgt. Insgesamt 18.640 junge Frauen und M\u00e4nner waren im September arbeitslos gemeldet. Das waren fast 13 Prozent weniger als im Vormonat.<\/p>\n<p>Der saison\u00fcbliche R\u00fcckgang f\u00fchrte dennoch nicht zu einer wirklichen Entlastung bei den Langzeitarbeitslosen, \u00c4lteren und Ausl\u00e4ndern. Gemessen an allen Arbeitslosen blieben ihre Anteile in Hessen hoch und stiegen im Vorjahresvergleich weiter an. Mittlerweile sind in Hessen 37,4 (68.290) Prozent aller Arbeitslosen langzeitarbeitslos, 30,9 Prozent (56.443) \u00e4lter als 50 Jahre sowie 28,2 (51.563) ohne deutschen Pass.<\/p>\n<p><strong>Offene Stellen: Weiterhin positive Impulse bei Stellenentwicklung<\/strong><\/p>\n<p>Der Bestand der gemeldeten Stellen in Hessen lag im September bei 38.874 und war somit um 8,8 Prozent h\u00f6her als im Vorjahr. Der monatliche Zugang \u00fcberstieg mit rund 13.000 das Vorjahresniveau um fast 10,0 Prozent. Seit Jahresbeginn gingen den Agenturen f\u00fcr Arbeit in Hessen 103.831 stellen zu.<\/p>\n<p><strong>Sozialversicherungspflichtige Besch\u00e4ftigung: Hessen holt weiter auf<\/strong><\/p>\n<p>Beim Anstieg der sozialversicherungspflichtigen Besch\u00e4ftigung gegen\u00fcber dem Vorjahr liegt Hessen mit 1,9 Prozent leicht \u00fcber dem Bund (+1,8 Prozent) und den westdeutschen L\u00e4ndern (+1,8 Prozent). Der hochgerechnete, vorl\u00e4ufige Wert der sozialversicherungspflichtigen Besch\u00e4ftigung f\u00fcr Hessen bel\u00e4uft sich f\u00fcr den Monat Juli 2014 auf 2.355.900.<\/p>\n<p><strong>Regionen: Entwicklung in Nord- und Mittelhessen bleibt stabil<\/strong><\/p>\n<p>Unver\u00e4ndert ist die Entwicklung der Kreise und kreisfreien St\u00e4dte in Nord- und Mittelhessen besser als in S\u00fcdhessen. Die Arbeitslosenquote des Regierungsbezirkes Gie\u00dfen liegt in diesem Monat bei 5,4 Prozent, die Quote des Regierungsbezirkes Kassel bei 5,5 Prozent und die des Bezirkes Darmstadt bei 5,8 Prozent. Im Vergleich der 26 hessischen Kreise und kreisfreien St\u00e4dte blieb Fulda mit einer Quote von 3,4 Prozent der Spitzenreiter. Die h\u00f6chste Arbeitslosenquote wies unver\u00e4ndert mit 11,3 Prozent die Stadt Offenbach auf. In elf von 26 hessischen Regionen war die Arbeitslosigkeit h\u00f6her als vor einem Jahr. Am auff\u00e4lligsten machte sich der Anstieg wiederholt im Kreis Gro\u00df-Gerau bemerkbar, (+8,0 Prozent), die Arbeitslosigkeit stieg in beiden Rechtskreisen deutlich an.<\/p>\n","protected":false},"excerpt":{"rendered":"<div class=\"tmnf_excerpt\"><p>Hessen. Im September ging die Arbeitslosigkeit in Hessen erwartungsgem\u00e4\u00df zur\u00fcck. Der Arbeitsmarkt zeigt sich weiterhin stabil, eine Entwicklung die ebenfalls durch die kontinuierlich steigenden Stellenzug\u00e4nge gest\u00fctzt wird. Dennoch f\u00e4llt die f\u00fcr einen September saison\u00fcbliche Entlastung schw\u00e4cher aus als in den Vorjahren. Dr. Frank Martin, Leiter der Regionaldirektion Hessen, sieht den hessischen Arbeitsmarkt auch in den &hellip;<\/p>\n<\/div>","protected":false},"author":1,"featured_media":0,"comment_status":"closed","ping_status":"closed","sticky":false,"template":"","format":"standard","meta":{"footnotes":""},"categories":[1,53],"tags":[],"class_list":["post-130034","post","type-post","status-publish","format-standard","hentry","category-startseite","category-bildung"],"_links":{"self":[{"href":"https:\/\/www.fuldaernachrichten.de\/index.php?rest_route=\/wp\/v2\/posts\/130034","targetHints":{"allow":["GET"]}}],"collection":[{"href":"https:\/\/www.fuldaernachrichten.de\/index.php?rest_route=\/wp\/v2\/posts"}],"about":[{"href":"https:\/\/www.fuldaernachrichten.de\/index.php?rest_route=\/wp\/v2\/types\/post"}],"author":[{"embeddable":true,"href":"https:\/\/www.fuldaernachrichten.de\/index.php?rest_route=\/wp\/v2\/users\/1"}],"replies":[{"embeddable":true,"href":"https:\/\/www.fuldaernachrichten.de\/index.php?rest_route=%2Fwp%2Fv2%2Fcomments&post=130034"}],"version-history":[{"count":1,"href":"https:\/\/www.fuldaernachrichten.de\/index.php?rest_route=\/wp\/v2\/posts\/130034\/revisions"}],"predecessor-version":[{"id":130035,"href":"https:\/\/www.fuldaernachrichten.de\/index.php?rest_route=\/wp\/v2\/posts\/130034\/revisions\/130035"}],"wp:attachment":[{"href":"https:\/\/www.fuldaernachrichten.de\/index.php?rest_route=%2Fwp%2Fv2%2Fmedia&parent=130034"}],"wp:term":[{"taxonomy":"category","embeddable":true,"href":"https:\/\/www.fuldaernachrichten.de\/index.php?rest_route=%2Fwp%2Fv2%2Fcategories&post=130034"},{"taxonomy":"post_tag","embeddable":true,"href":"https:\/\/www.fuldaernachrichten.de\/index.php?rest_route=%2Fwp%2Fv2%2Ftags&post=130034"}],"curies":[{"name":"wp","href":"https:\/\/api.w.org\/{rel}","templated":true}]}}