{"id":130002,"date":"2014-09-30T00:14:24","date_gmt":"2014-09-30T00:14:24","guid":{"rendered":"http:\/\/www.fuldaer-nachrichten.de\/?p=130002"},"modified":"2014-09-29T17:46:10","modified_gmt":"2014-09-29T17:46:10","slug":"tegut-ist-im-fuenften-jahr-in-folge-wieder-nr-1-bei-der-kundenbefragung-kundenmonitor-2014","status":"publish","type":"post","link":"https:\/\/www.fuldaernachrichten.de\/?p=130002","title":{"rendered":"tegut\u00e2\u20ac\u00a6 ist im f\u00fcnften Jahr in Folge wieder Nr. 1 bei der Kundenbefragung Kundenmonitor 2014"},"content":{"rendered":"<p><a href=\"http:\/\/www.fuldaer-nachrichten.de\/wp-content\/uploads\/2014\/09\/tegut\u00e2\u20ac\u00a6-ist-im-f\u00fcnften-Jahr-in-Folge-wieder-Nr.-1-bei-der-Kundenbefragung-Kundenmonitor.jpg\"><img decoding=\"async\" class=\"alignleft size-thumbnail wp-image-130003\" src=\"http:\/\/www.fuldaer-nachrichten.de\/wp-content\/uploads\/2014\/09\/tegut\u00e2\u20ac\u00a6-ist-im-f\u00fcnften-Jahr-in-Folge-wieder-Nr.-1-bei-der-Kundenbefragung-Kundenmonitor-265x176.jpg\" alt=\"tegut\u00e2\u20ac\u00a6 ist im f\u00fcnften Jahr in Folge wieder Nr. 1 bei der Kundenbefragung Kundenmonitor\" width=\"265\" height=\"176\" \/><\/a>Fulda. Die aktuelle Kundenbefragung \u201eKundenmonitor&#8221; von der ServiceBarometer AG M\u00fcnchen best\u00e4tigt: tegut&#8230; steht 2014 mit einer Globalzufriedenheitsnote von 2,08 an der Spitze der Superm\u00e4rkte vor Edeka mit 2,21 und Rewe mit 2,28. tegut\u00e2\u20ac\u00a6 ist damit, im f\u00fcnften Jahr in Folge, erneut die Nummer eins in Deutschland. Das ver\u00f6ffentlichte heute die Lebensmittel Zeitung.<!--more--><\/p>\n<p><strong>Spitzenleistung bei Bio- und Gesundheitsprodukten<\/strong><\/p>\n<p>Das herausragende Ergebnis zu dem vielf\u00e4ltigen Bio-Sortiment wurde wieder best\u00e4tigt und setzt weiterhin den Ma\u00dfstab in der Branche. Die Spitzenleistung von tegut\u00e2\u20ac\u00a6 bei Bio-Produkten und Gesundheitsprodukten bleibt im gesamten LEH ungebrochen. Die Kunden sind in der Befragung deutlich zufriedener mit dem gro\u00dfen Produktangebot und der Ladengestaltung der tegut\u00e2\u20ac\u00a6 M\u00e4rkte. In diesem Jahr zeigt sich wieder eine deutliche Verbesserung bei Preis\/ Leistung, die sich mittlerweile seit 2009 kontinuierlich verbessert hat. (Quelle Lebensmittel Zeitung)<\/p>\n<p>Weiterf\u00fchrende Informationen zur Kundenbefragung finden Sie in der Ausgabe 39 der Lebensmittel Zeitung vom 26. September 2014 oder unter http:\/\/www.lebensmittelzeitung.net\/<\/p>\n","protected":false},"excerpt":{"rendered":"<div class=\"tmnf_excerpt\"><p>Fulda. Die aktuelle Kundenbefragung \u201eKundenmonitor&#8221; von der ServiceBarometer AG M\u00fcnchen best\u00e4tigt: tegut&#8230; steht 2014 mit einer Globalzufriedenheitsnote von 2,08 an der Spitze der Superm\u00e4rkte vor Edeka mit 2,21 und Rewe mit 2,28. tegut\u00e2\u20ac\u00a6 ist damit, im f\u00fcnften Jahr in Folge, erneut die Nummer eins in Deutschland. Das ver\u00f6ffentlichte heute die Lebensmittel Zeitung.<\/p>\n<\/div>","protected":false},"author":1,"featured_media":0,"comment_status":"closed","ping_status":"closed","sticky":false,"template":"","format":"standard","meta":{"footnotes":""},"categories":[1,29],"tags":[],"class_list":["post-130002","post","type-post","status-publish","format-standard","hentry","category-startseite","category-politik"],"_links":{"self":[{"href":"https:\/\/www.fuldaernachrichten.de\/index.php?rest_route=\/wp\/v2\/posts\/130002","targetHints":{"allow":["GET"]}}],"collection":[{"href":"https:\/\/www.fuldaernachrichten.de\/index.php?rest_route=\/wp\/v2\/posts"}],"about":[{"href":"https:\/\/www.fuldaernachrichten.de\/index.php?rest_route=\/wp\/v2\/types\/post"}],"author":[{"embeddable":true,"href":"https:\/\/www.fuldaernachrichten.de\/index.php?rest_route=\/wp\/v2\/users\/1"}],"replies":[{"embeddable":true,"href":"https:\/\/www.fuldaernachrichten.de\/index.php?rest_route=%2Fwp%2Fv2%2Fcomments&post=130002"}],"version-history":[{"count":1,"href":"https:\/\/www.fuldaernachrichten.de\/index.php?rest_route=\/wp\/v2\/posts\/130002\/revisions"}],"predecessor-version":[{"id":130004,"href":"https:\/\/www.fuldaernachrichten.de\/index.php?rest_route=\/wp\/v2\/posts\/130002\/revisions\/130004"}],"wp:attachment":[{"href":"https:\/\/www.fuldaernachrichten.de\/index.php?rest_route=%2Fwp%2Fv2%2Fmedia&parent=130002"}],"wp:term":[{"taxonomy":"category","embeddable":true,"href":"https:\/\/www.fuldaernachrichten.de\/index.php?rest_route=%2Fwp%2Fv2%2Fcategories&post=130002"},{"taxonomy":"post_tag","embeddable":true,"href":"https:\/\/www.fuldaernachrichten.de\/index.php?rest_route=%2Fwp%2Fv2%2Ftags&post=130002"}],"curies":[{"name":"wp","href":"https:\/\/api.w.org\/{rel}","templated":true}]}}