{"id":130000,"date":"2014-09-30T00:10:15","date_gmt":"2014-09-30T00:10:15","guid":{"rendered":"http:\/\/www.fuldaer-nachrichten.de\/?p=130000"},"modified":"2014-09-29T17:41:51","modified_gmt":"2014-09-29T17:41:51","slug":"strassenverkehrsbehoerde-geschlossen","status":"publish","type":"post","link":"https:\/\/www.fuldaernachrichten.de\/?p=130000","title":{"rendered":"Stra\u00dfenverkehrsbeh\u00f6rde geschlossen"},"content":{"rendered":"<p>Fulda. Die Stra\u00dfenverkehrsbeh\u00f6rde des Landkreises Fulda mit Zulassungs- und F\u00fchrerscheinstelle bleibt am kommenden Samstag, 4. Oktober, wegen einer EDV-Umstellung f\u00fcr den Publikumsverkehr geschlossen. Ab Montag n\u00e4chster Woche steht das Serviceteam dann wieder zur Verf\u00fcgung.<\/p>\n","protected":false},"excerpt":{"rendered":"<div class=\"tmnf_excerpt\"><p>Fulda. Die Stra\u00dfenverkehrsbeh\u00f6rde des Landkreises Fulda mit Zulassungs- und F\u00fchrerscheinstelle bleibt am kommenden Samstag, 4. Oktober, wegen einer EDV-Umstellung f\u00fcr den Publikumsverkehr geschlossen. Ab Montag n\u00e4chster Woche steht das Serviceteam dann wieder zur Verf\u00fcgung.<\/p>\n<\/div>","protected":false},"author":1,"featured_media":0,"comment_status":"closed","ping_status":"closed","sticky":false,"template":"","format":"standard","meta":{"footnotes":""},"categories":[1,35],"tags":[],"class_list":["post-130000","post","type-post","status-publish","format-standard","hentry","category-startseite","category-auto"],"_links":{"self":[{"href":"https:\/\/www.fuldaernachrichten.de\/index.php?rest_route=\/wp\/v2\/posts\/130000","targetHints":{"allow":["GET"]}}],"collection":[{"href":"https:\/\/www.fuldaernachrichten.de\/index.php?rest_route=\/wp\/v2\/posts"}],"about":[{"href":"https:\/\/www.fuldaernachrichten.de\/index.php?rest_route=\/wp\/v2\/types\/post"}],"author":[{"embeddable":true,"href":"https:\/\/www.fuldaernachrichten.de\/index.php?rest_route=\/wp\/v2\/users\/1"}],"replies":[{"embeddable":true,"href":"https:\/\/www.fuldaernachrichten.de\/index.php?rest_route=%2Fwp%2Fv2%2Fcomments&post=130000"}],"version-history":[{"count":1,"href":"https:\/\/www.fuldaernachrichten.de\/index.php?rest_route=\/wp\/v2\/posts\/130000\/revisions"}],"predecessor-version":[{"id":130001,"href":"https:\/\/www.fuldaernachrichten.de\/index.php?rest_route=\/wp\/v2\/posts\/130000\/revisions\/130001"}],"wp:attachment":[{"href":"https:\/\/www.fuldaernachrichten.de\/index.php?rest_route=%2Fwp%2Fv2%2Fmedia&parent=130000"}],"wp:term":[{"taxonomy":"category","embeddable":true,"href":"https:\/\/www.fuldaernachrichten.de\/index.php?rest_route=%2Fwp%2Fv2%2Fcategories&post=130000"},{"taxonomy":"post_tag","embeddable":true,"href":"https:\/\/www.fuldaernachrichten.de\/index.php?rest_route=%2Fwp%2Fv2%2Ftags&post=130000"}],"curies":[{"name":"wp","href":"https:\/\/api.w.org\/{rel}","templated":true}]}}