{"id":129995,"date":"2014-09-30T00:15:37","date_gmt":"2014-09-30T00:15:37","guid":{"rendered":"http:\/\/www.fuldaer-nachrichten.de\/?p=129995"},"modified":"2014-09-29T17:20:40","modified_gmt":"2014-09-29T17:20:40","slug":"altbuecherbasar-in-kuenzell-am-18-oktober","status":"publish","type":"post","link":"https:\/\/www.fuldaernachrichten.de\/?p=129995","title":{"rendered":"Altb\u00fccherbasar in K\u00fcnzell am 18. Oktober"},"content":{"rendered":"<p>K\u00fcnzell. Zum Altb\u00fccherbasar l\u00e4dt die Kinderhilfe Indien ein am Samstag, den\u00c2\u00a0 18. Oktober ins Thomas-Morus-Haus nach K\u00fcnzell. Geboten wird eine Vielzahl gut erhaltener B\u00fccher jedweder Fachrichtung. Zum Anlesen bietet die Schm\u00f6kerecke wie gewohnt Kaffee und Kuchen. Der Basar im Haus neben der Kirche ist ge\u00f6ffnet von 14 bis 16 Uhr. Der Erl\u00f6s ist f\u00fcr die Kinderhilfe Indien der Jesuiten-Mission. Das Basarteam bittet dringend, keine B\u00fccher oder Kartons im Umfeld des Thomas-Morus-Hauses abzulegen. Fragen beantwortet Marlene Diel unter Telefon 0661 \u2013 35191.<\/p>\n","protected":false},"excerpt":{"rendered":"<div class=\"tmnf_excerpt\"><p>K\u00fcnzell. Zum Altb\u00fccherbasar l\u00e4dt die Kinderhilfe Indien ein am Samstag, den\u00c2\u00a0 18. Oktober ins Thomas-Morus-Haus nach K\u00fcnzell. Geboten wird eine Vielzahl gut erhaltener B\u00fccher jedweder Fachrichtung. Zum Anlesen bietet die Schm\u00f6kerecke wie gewohnt Kaffee und Kuchen. Der Basar im Haus neben der Kirche ist ge\u00f6ffnet von 14 bis 16 Uhr. Der Erl\u00f6s ist f\u00fcr die &hellip;<\/p>\n<\/div>","protected":false},"author":1,"featured_media":0,"comment_status":"closed","ping_status":"closed","sticky":false,"template":"","format":"standard","meta":{"footnotes":""},"categories":[1],"tags":[],"class_list":["post-129995","post","type-post","status-publish","format-standard","hentry","category-startseite"],"_links":{"self":[{"href":"https:\/\/www.fuldaernachrichten.de\/index.php?rest_route=\/wp\/v2\/posts\/129995","targetHints":{"allow":["GET"]}}],"collection":[{"href":"https:\/\/www.fuldaernachrichten.de\/index.php?rest_route=\/wp\/v2\/posts"}],"about":[{"href":"https:\/\/www.fuldaernachrichten.de\/index.php?rest_route=\/wp\/v2\/types\/post"}],"author":[{"embeddable":true,"href":"https:\/\/www.fuldaernachrichten.de\/index.php?rest_route=\/wp\/v2\/users\/1"}],"replies":[{"embeddable":true,"href":"https:\/\/www.fuldaernachrichten.de\/index.php?rest_route=%2Fwp%2Fv2%2Fcomments&post=129995"}],"version-history":[{"count":1,"href":"https:\/\/www.fuldaernachrichten.de\/index.php?rest_route=\/wp\/v2\/posts\/129995\/revisions"}],"predecessor-version":[{"id":129996,"href":"https:\/\/www.fuldaernachrichten.de\/index.php?rest_route=\/wp\/v2\/posts\/129995\/revisions\/129996"}],"wp:attachment":[{"href":"https:\/\/www.fuldaernachrichten.de\/index.php?rest_route=%2Fwp%2Fv2%2Fmedia&parent=129995"}],"wp:term":[{"taxonomy":"category","embeddable":true,"href":"https:\/\/www.fuldaernachrichten.de\/index.php?rest_route=%2Fwp%2Fv2%2Fcategories&post=129995"},{"taxonomy":"post_tag","embeddable":true,"href":"https:\/\/www.fuldaernachrichten.de\/index.php?rest_route=%2Fwp%2Fv2%2Ftags&post=129995"}],"curies":[{"name":"wp","href":"https:\/\/api.w.org\/{rel}","templated":true}]}}