{"id":129987,"date":"2014-09-30T00:13:14","date_gmt":"2014-09-30T00:13:14","guid":{"rendered":"http:\/\/www.fuldaer-nachrichten.de\/?p=129987"},"modified":"2014-09-29T17:16:50","modified_gmt":"2014-09-29T17:16:50","slug":"awo-sommerfest-im-stadtteil-suedend","status":"publish","type":"post","link":"https:\/\/www.fuldaernachrichten.de\/?p=129987","title":{"rendered":"AWO Sommerfest im Stadtteil S\u00fcdend"},"content":{"rendered":"<p><a href=\"http:\/\/www.fuldaer-nachrichten.de\/wp-content\/uploads\/2014\/09\/AWO-SF-1.jpg\"><img fetchpriority=\"high\" decoding=\"async\" class=\"alignleft size-thumbnail wp-image-129988\" src=\"http:\/\/www.fuldaer-nachrichten.de\/wp-content\/uploads\/2014\/09\/AWO-SF-1-265x198.jpg\" alt=\"AWO SF 1\" width=\"265\" height=\"198\" srcset=\"https:\/\/www.fuldaernachrichten.de\/wp-content\/uploads\/2014\/09\/AWO-SF-1-265x198.jpg 265w, https:\/\/www.fuldaernachrichten.de\/wp-content\/uploads\/2014\/09\/AWO-SF-1.jpg 600w\" sizes=\"(max-width: 265px) 100vw, 265px\" \/><\/a>Fulda. Mit einem unterhaltsamen und abwechslungsreichen Programm feierte der AWO Kreisverband Fulda in der Frankfurter Stra\u00dfe sein Sommerfest. \u201eEs ist uns wieder gelungen, viele Gruppen verschiedenen Alters und Nationalit\u00e4ten zusammenzubringen\u201c, sagt die Kreisverbandsvorsitzende Miriam Sturm bei ihrer Er\u00f6ffnungsrede.<!--more--><\/p>\n<p>\u201eEs ist toll, wie sich Menschen immer wieder so engagiert bei der AWO einbringen.\u201c, f\u00fchrt Miriam Sturm weiter aus. \u201c Unsere Arbeit ist nat\u00fcrlich ohne den Einsatz der ehrenamtlichen Helferinnen und Helfer aus den AWO Projekten und den AWO Mitarbeitern nicht machbar. Sie leisten hier vor Ort einen wichtigen Teil der Arbeit, ohne Sie w\u00e4re ein solches Fest mit seiner Vielfalt kaum m\u00f6glich.\u201c<\/p>\n<p><a href=\"http:\/\/www.fuldaer-nachrichten.de\/wp-content\/uploads\/2014\/09\/AWO-SF-4.jpg\"><img decoding=\"async\" class=\"alignleft size-thumbnail wp-image-129989\" src=\"http:\/\/www.fuldaer-nachrichten.de\/wp-content\/uploads\/2014\/09\/AWO-SF-4-265x198.jpg\" alt=\"AWO SF 4\" width=\"265\" height=\"198\" srcset=\"https:\/\/www.fuldaernachrichten.de\/wp-content\/uploads\/2014\/09\/AWO-SF-4-265x198.jpg 265w, https:\/\/www.fuldaernachrichten.de\/wp-content\/uploads\/2014\/09\/AWO-SF-4.jpg 600w\" sizes=\"(max-width: 265px) 100vw, 265px\" \/><\/a>Tanz und Gesang wurden von verschiedenen Generationen und Kulturen geboten. F\u00fcr Stimmung sorgten der AWO-Kinderchor \u201eKindermix\u201c, der AWO Kinderchor Ziehers-Nord mit seinem ersten Auftritt und der Aschenberger Seniorenchor \u201eRapsodia\u201c mit ihren gelungenen Liedbeitr\u00e4gen. Die Tanzgruppe der Erwachsenen unter Leitung von Ilona G\u00f6tz, motivierte jung und alt aktiv mitzutanzen.<\/p>\n<p>Kinder konnten sich schminken lassen, beim Workshop \u201eKunst aus Fahrradteile\u201c basteln oder sich auf der H\u00fcpfburg austoben. F\u00fcr das leibliche Wohl war bestens und f\u00fcr jeden Geschmack gesorgt. Die Besucher hatten die Qual der Wahl: K\u00f6fte, Schaschlik am Spie\u00df, Bratwurst, Kuchen und t\u00fcrkischer Tee lie\u00df keine W\u00fcnsche mehr offen.<\/p>\n<p>\u201eAn einem solchen Fest wird sehr deutlich, wie vielf\u00e4ltig die Ideen und Angebote sind, die Menschen unterschiedlicher Herkunft und Kultur bei der AWO einbringen k\u00f6nnen.\u201c, f\u00fchrt Wolfram Latsch, wirtschaftlicher Leiter der AWO aus, \u201e Wir freuen uns schon auf das n\u00e4chste Jahr.\u201c<\/p>\n","protected":false},"excerpt":{"rendered":"<div class=\"tmnf_excerpt\"><p>Fulda. Mit einem unterhaltsamen und abwechslungsreichen Programm feierte der AWO Kreisverband Fulda in der Frankfurter Stra\u00dfe sein Sommerfest. \u201eEs ist uns wieder gelungen, viele Gruppen verschiedenen Alters und Nationalit\u00e4ten zusammenzubringen\u201c, sagt die Kreisverbandsvorsitzende Miriam Sturm bei ihrer Er\u00f6ffnungsrede.<\/p>\n<\/div>","protected":false},"author":1,"featured_media":0,"comment_status":"closed","ping_status":"closed","sticky":false,"template":"","format":"standard","meta":{"footnotes":""},"categories":[1,44],"tags":[],"class_list":["post-129987","post","type-post","status-publish","format-standard","hentry","category-startseite","category-kultur"],"_links":{"self":[{"href":"https:\/\/www.fuldaernachrichten.de\/index.php?rest_route=\/wp\/v2\/posts\/129987","targetHints":{"allow":["GET"]}}],"collection":[{"href":"https:\/\/www.fuldaernachrichten.de\/index.php?rest_route=\/wp\/v2\/posts"}],"about":[{"href":"https:\/\/www.fuldaernachrichten.de\/index.php?rest_route=\/wp\/v2\/types\/post"}],"author":[{"embeddable":true,"href":"https:\/\/www.fuldaernachrichten.de\/index.php?rest_route=\/wp\/v2\/users\/1"}],"replies":[{"embeddable":true,"href":"https:\/\/www.fuldaernachrichten.de\/index.php?rest_route=%2Fwp%2Fv2%2Fcomments&post=129987"}],"version-history":[{"count":1,"href":"https:\/\/www.fuldaernachrichten.de\/index.php?rest_route=\/wp\/v2\/posts\/129987\/revisions"}],"predecessor-version":[{"id":129990,"href":"https:\/\/www.fuldaernachrichten.de\/index.php?rest_route=\/wp\/v2\/posts\/129987\/revisions\/129990"}],"wp:attachment":[{"href":"https:\/\/www.fuldaernachrichten.de\/index.php?rest_route=%2Fwp%2Fv2%2Fmedia&parent=129987"}],"wp:term":[{"taxonomy":"category","embeddable":true,"href":"https:\/\/www.fuldaernachrichten.de\/index.php?rest_route=%2Fwp%2Fv2%2Fcategories&post=129987"},{"taxonomy":"post_tag","embeddable":true,"href":"https:\/\/www.fuldaernachrichten.de\/index.php?rest_route=%2Fwp%2Fv2%2Ftags&post=129987"}],"curies":[{"name":"wp","href":"https:\/\/api.w.org\/{rel}","templated":true}]}}