{"id":129952,"date":"2014-09-29T07:05:39","date_gmt":"2014-09-29T07:05:39","guid":{"rendered":"http:\/\/www.fuldaer-nachrichten.de\/?p=129952"},"modified":"2014-09-29T07:05:39","modified_gmt":"2014-09-29T07:05:39","slug":"weinlese-am-frauenberg","status":"publish","type":"post","link":"https:\/\/www.fuldaernachrichten.de\/?p=129952","title":{"rendered":"Weinlese am Frauenberg"},"content":{"rendered":"<p>Fulda. \u201eDer Winzer Schutzherr Kilian beschert uns etwas Feines\u201c Das ist die Hoffnung des Weinhistorischen Konvents Fulda e. V. Am Sonntag 19. 10. ab 8 Uhr wird im Weinberg die Lese beginnen. Helferinnen und Helfer k\u00f6nnen sich auch dazu anmelden bei Hartmann@weinhistorischer-Konvent.de. Bitte Schere mitbringen\u00c2\u00a0 An diesem Sonntag soll es noch weitergeben: um 11 Uhr wird dann die Erntedankandacht im Weinberg sein und anschlie\u00dfend gibt es erstmals Federwei\u00dfen und Zwiebelkuchen im Weinberg: Zu beiden Veranstaltungen sind alle B\u00fcrgerinnen und B\u00fcrger ganz herzlich eingeladen.\u00c2\u00a0 Schon am Freitag 17. 10. Um 19:30 Uhr gibt es ein Weinforum zu \u201eWein und Holz\u201c. Noch wenige Pl\u00e4tze sind frei. Weitere Informationen unter www.weinhistorischer-konvent.de<\/p>\n","protected":false},"excerpt":{"rendered":"<div class=\"tmnf_excerpt\"><p>Fulda. \u201eDer Winzer Schutzherr Kilian beschert uns etwas Feines\u201c Das ist die Hoffnung des Weinhistorischen Konvents Fulda e. V. Am Sonntag 19. 10. ab 8 Uhr wird im Weinberg die Lese beginnen. Helferinnen und Helfer k\u00f6nnen sich auch dazu anmelden bei Hartmann@weinhistorischer-Konvent.de. Bitte Schere mitbringen\u00c2\u00a0 An diesem Sonntag soll es noch weitergeben: um 11 Uhr &hellip;<\/p>\n<\/div>","protected":false},"author":1,"featured_media":0,"comment_status":"closed","ping_status":"closed","sticky":false,"template":"","format":"standard","meta":{"footnotes":""},"categories":[1,37],"tags":[],"class_list":["post-129952","post","type-post","status-publish","format-standard","hentry","category-startseite","category-essen-und-trinken"],"_links":{"self":[{"href":"https:\/\/www.fuldaernachrichten.de\/index.php?rest_route=\/wp\/v2\/posts\/129952","targetHints":{"allow":["GET"]}}],"collection":[{"href":"https:\/\/www.fuldaernachrichten.de\/index.php?rest_route=\/wp\/v2\/posts"}],"about":[{"href":"https:\/\/www.fuldaernachrichten.de\/index.php?rest_route=\/wp\/v2\/types\/post"}],"author":[{"embeddable":true,"href":"https:\/\/www.fuldaernachrichten.de\/index.php?rest_route=\/wp\/v2\/users\/1"}],"replies":[{"embeddable":true,"href":"https:\/\/www.fuldaernachrichten.de\/index.php?rest_route=%2Fwp%2Fv2%2Fcomments&post=129952"}],"version-history":[{"count":1,"href":"https:\/\/www.fuldaernachrichten.de\/index.php?rest_route=\/wp\/v2\/posts\/129952\/revisions"}],"predecessor-version":[{"id":129953,"href":"https:\/\/www.fuldaernachrichten.de\/index.php?rest_route=\/wp\/v2\/posts\/129952\/revisions\/129953"}],"wp:attachment":[{"href":"https:\/\/www.fuldaernachrichten.de\/index.php?rest_route=%2Fwp%2Fv2%2Fmedia&parent=129952"}],"wp:term":[{"taxonomy":"category","embeddable":true,"href":"https:\/\/www.fuldaernachrichten.de\/index.php?rest_route=%2Fwp%2Fv2%2Fcategories&post=129952"},{"taxonomy":"post_tag","embeddable":true,"href":"https:\/\/www.fuldaernachrichten.de\/index.php?rest_route=%2Fwp%2Fv2%2Ftags&post=129952"}],"curies":[{"name":"wp","href":"https:\/\/api.w.org\/{rel}","templated":true}]}}