{"id":129940,"date":"2014-09-29T06:45:14","date_gmt":"2014-09-29T06:45:14","guid":{"rendered":"http:\/\/www.fuldaer-nachrichten.de\/?p=129940"},"modified":"2014-09-29T06:45:14","modified_gmt":"2014-09-29T06:45:14","slug":"die-ihk-sagt-danke-ehrennadeln-in-gold-silber-und-bronze-fuer-138-prueferinnen-und-pruefer","status":"publish","type":"post","link":"https:\/\/www.fuldaernachrichten.de\/?p=129940","title":{"rendered":"Die IHK sagt danke!  Ehrennadeln in Gold, Silber und Bronze f\u00fcr 138 Pr\u00fcferinnen und Pr\u00fcfer"},"content":{"rendered":"<p><a href=\"http:\/\/www.fuldaer-nachrichten.de\/wp-content\/uploads\/2014\/09\/IHK-Ehrung-Goldene.jpg\"><img decoding=\"async\" class=\"alignleft size-thumbnail wp-image-129941\" src=\"http:\/\/www.fuldaer-nachrichten.de\/wp-content\/uploads\/2014\/09\/IHK-Ehrung-Goldene-265x176.jpg\" alt=\"IHK-Ehrung Goldene\" width=\"265\" height=\"176\" srcset=\"https:\/\/www.fuldaernachrichten.de\/wp-content\/uploads\/2014\/09\/IHK-Ehrung-Goldene-265x176.jpg 265w, https:\/\/www.fuldaernachrichten.de\/wp-content\/uploads\/2014\/09\/IHK-Ehrung-Goldene.jpg 600w\" sizes=\"(max-width: 265px) 100vw, 265px\" \/><\/a>K\u00fcnzell. Ende September zeichnete die IHK Fulda 138 Pr\u00fcferinnen und Pr\u00fcfer im Gemeindezentrum K\u00fcnzell aus. 49-mal wurde die Ehrennadel in Bronze f\u00fcr mindestens 10 Jahre ehrenamtliche T\u00e4tigkeit vergeben, 38-mal die Ehrennadel in Silber f\u00fcr mindestens 15 Jahre und 51-mal die IHK-Ehrennadel in Gold f\u00fcr mindestens 20 Jahre ehrenamtliche T\u00e4tigkeit.<strong><!--more--><\/strong><\/p>\n<p>\u201eWir haben Sie heute eingeladen, um damit unsere hohe Wertsch\u00e4tzung f\u00fcr Ihre ehrenamtliche Leistung zum Ausdruck zu bringen\u201c, betonte IHK-Vizepr\u00e4sident Thomas Gutberlet. \u201eBildung ist das h\u00f6chste Gut in unserer Gesellschaft. Ohne Bildung gibt es keinen Wohlstand, keine Arbeitspl\u00e4tze und auch keine Betriebe\u201c, betonte Gutberlet und unterstrich: \u201eEhrenamtlicher Einsatz ist die Basis f\u00fcr eine funktionierende unternehmerische Selbstverwaltung.\u201c \u201eVor dem Hintergrund des Fachkr\u00e4ftemangels werden Unternehmen, die fr\u00fcher auf Ausbildung verzichtet haben, bald die schmerzliche Erfahrung enorm steigender Personalkosten machen, denn die am Markt verf\u00fcgbaren Fachkr\u00e4fte sind in der Regel sehr teuer\u201c, so der IHK-Vizepr\u00e4sident weiter.<\/p>\n<p>Das duale System stelle eine der effektivsten Formen der Qualit\u00e4tssicherung dar. Dieser Erfolg spiegele sich auch in der Unabh\u00e4ngigkeit der Pr\u00fcfungsaussch\u00fcsse wider. Nicht zuletzt w\u00fcrdigte der Unternehmer die Verdienste der Partner im dualen System den beruflichen Schulen, dem Staatlichen Schulamt und den Unternehmen, die ihre Mitarbeiter f\u00fcr die ehrenamtliche T\u00e4tigkeit freistellen. Ehrenamt ist wichtiges Standbein In den 201 Pr\u00fcfungsaussch\u00fcssen der IHK Fulda sind insgesamt 678 Pr\u00fcfer organisiert, davon 553 betriebliche Vertreter und 125 Lehrervertreter, die jedes Jahr rund 2500 Aus- und Weiterbildungspr\u00fcfungen abnehmen.<\/p>\n<p>Thomas Gutberlet und IHK-Hauptgesch\u00e4ftsf\u00fchrer Stefan Schunck \u00fcberreichten die Ehrenadeln. Beim anschlie\u00dfenden Imbiss gab es Gelegenheit zum Austausch. F\u00fcr zauberhafte \u00dcberraschungen, gute Stimmung und zahlreiche Lacher sorgte Zauberk\u00fcnstler Gerrit, der die Pr\u00fcferinnen und Pr\u00fcfer bestens unterhielt.<\/p>\n","protected":false},"excerpt":{"rendered":"<div class=\"tmnf_excerpt\"><p>K\u00fcnzell. Ende September zeichnete die IHK Fulda 138 Pr\u00fcferinnen und Pr\u00fcfer im Gemeindezentrum K\u00fcnzell aus. 49-mal wurde die Ehrennadel in Bronze f\u00fcr mindestens 10 Jahre ehrenamtliche T\u00e4tigkeit vergeben, 38-mal die Ehrennadel in Silber f\u00fcr mindestens 15 Jahre und 51-mal die IHK-Ehrennadel in Gold f\u00fcr mindestens 20 Jahre ehrenamtliche T\u00e4tigkeit.<\/p>\n<\/div>","protected":false},"author":1,"featured_media":0,"comment_status":"closed","ping_status":"closed","sticky":false,"template":"","format":"standard","meta":{"footnotes":""},"categories":[1,53],"tags":[],"class_list":["post-129940","post","type-post","status-publish","format-standard","hentry","category-startseite","category-bildung"],"_links":{"self":[{"href":"https:\/\/www.fuldaernachrichten.de\/index.php?rest_route=\/wp\/v2\/posts\/129940","targetHints":{"allow":["GET"]}}],"collection":[{"href":"https:\/\/www.fuldaernachrichten.de\/index.php?rest_route=\/wp\/v2\/posts"}],"about":[{"href":"https:\/\/www.fuldaernachrichten.de\/index.php?rest_route=\/wp\/v2\/types\/post"}],"author":[{"embeddable":true,"href":"https:\/\/www.fuldaernachrichten.de\/index.php?rest_route=\/wp\/v2\/users\/1"}],"replies":[{"embeddable":true,"href":"https:\/\/www.fuldaernachrichten.de\/index.php?rest_route=%2Fwp%2Fv2%2Fcomments&post=129940"}],"version-history":[{"count":1,"href":"https:\/\/www.fuldaernachrichten.de\/index.php?rest_route=\/wp\/v2\/posts\/129940\/revisions"}],"predecessor-version":[{"id":129942,"href":"https:\/\/www.fuldaernachrichten.de\/index.php?rest_route=\/wp\/v2\/posts\/129940\/revisions\/129942"}],"wp:attachment":[{"href":"https:\/\/www.fuldaernachrichten.de\/index.php?rest_route=%2Fwp%2Fv2%2Fmedia&parent=129940"}],"wp:term":[{"taxonomy":"category","embeddable":true,"href":"https:\/\/www.fuldaernachrichten.de\/index.php?rest_route=%2Fwp%2Fv2%2Fcategories&post=129940"},{"taxonomy":"post_tag","embeddable":true,"href":"https:\/\/www.fuldaernachrichten.de\/index.php?rest_route=%2Fwp%2Fv2%2Ftags&post=129940"}],"curies":[{"name":"wp","href":"https:\/\/api.w.org\/{rel}","templated":true}]}}