{"id":129933,"date":"2014-09-29T06:39:18","date_gmt":"2014-09-29T06:39:18","guid":{"rendered":"http:\/\/www.fuldaer-nachrichten.de\/?p=129933"},"modified":"2014-09-29T06:39:18","modified_gmt":"2014-09-29T06:39:18","slug":"fahrbahnerneuerung-in-ortsdurchfahrt-flieden","status":"publish","type":"post","link":"https:\/\/www.fuldaernachrichten.de\/?p=129933","title":{"rendered":"Fahrbahnerneuerung in Ortsdurchfahrt Flieden"},"content":{"rendered":"<p>Flieden. Die Fahrbahn der Kreisstra\u00dfe 84 in der Ortsdurchfahrt Flieden wird auf einer L\u00e4nge von knapp 500 Meter erneuert. Dabei handelt es sich um ein Teilst\u00fcck der Ortsdurchfahrt in Richtung Magdlos. Der Kreisausschuss hat in seiner letzten Sitzung die Arbeiten, die in den Herbstferien durchgef\u00fchrt werden soll, f\u00fcr 219.700 Euro an den g\u00fcnstigsten Bieter vergeben.<\/p>\n","protected":false},"excerpt":{"rendered":"<div class=\"tmnf_excerpt\"><p>Flieden. Die Fahrbahn der Kreisstra\u00dfe 84 in der Ortsdurchfahrt Flieden wird auf einer L\u00e4nge von knapp 500 Meter erneuert. Dabei handelt es sich um ein Teilst\u00fcck der Ortsdurchfahrt in Richtung Magdlos. Der Kreisausschuss hat in seiner letzten Sitzung die Arbeiten, die in den Herbstferien durchgef\u00fchrt werden soll, f\u00fcr 219.700 Euro an den g\u00fcnstigsten Bieter vergeben.<\/p>\n<\/div>","protected":false},"author":1,"featured_media":0,"comment_status":"closed","ping_status":"closed","sticky":false,"template":"","format":"standard","meta":{"footnotes":""},"categories":[1,35],"tags":[],"class_list":["post-129933","post","type-post","status-publish","format-standard","hentry","category-startseite","category-auto"],"_links":{"self":[{"href":"https:\/\/www.fuldaernachrichten.de\/index.php?rest_route=\/wp\/v2\/posts\/129933","targetHints":{"allow":["GET"]}}],"collection":[{"href":"https:\/\/www.fuldaernachrichten.de\/index.php?rest_route=\/wp\/v2\/posts"}],"about":[{"href":"https:\/\/www.fuldaernachrichten.de\/index.php?rest_route=\/wp\/v2\/types\/post"}],"author":[{"embeddable":true,"href":"https:\/\/www.fuldaernachrichten.de\/index.php?rest_route=\/wp\/v2\/users\/1"}],"replies":[{"embeddable":true,"href":"https:\/\/www.fuldaernachrichten.de\/index.php?rest_route=%2Fwp%2Fv2%2Fcomments&post=129933"}],"version-history":[{"count":1,"href":"https:\/\/www.fuldaernachrichten.de\/index.php?rest_route=\/wp\/v2\/posts\/129933\/revisions"}],"predecessor-version":[{"id":129934,"href":"https:\/\/www.fuldaernachrichten.de\/index.php?rest_route=\/wp\/v2\/posts\/129933\/revisions\/129934"}],"wp:attachment":[{"href":"https:\/\/www.fuldaernachrichten.de\/index.php?rest_route=%2Fwp%2Fv2%2Fmedia&parent=129933"}],"wp:term":[{"taxonomy":"category","embeddable":true,"href":"https:\/\/www.fuldaernachrichten.de\/index.php?rest_route=%2Fwp%2Fv2%2Fcategories&post=129933"},{"taxonomy":"post_tag","embeddable":true,"href":"https:\/\/www.fuldaernachrichten.de\/index.php?rest_route=%2Fwp%2Fv2%2Ftags&post=129933"}],"curies":[{"name":"wp","href":"https:\/\/api.w.org\/{rel}","templated":true}]}}