{"id":129916,"date":"2014-09-29T06:28:58","date_gmt":"2014-09-29T06:28:58","guid":{"rendered":"http:\/\/www.fuldaer-nachrichten.de\/?p=129916"},"modified":"2014-09-29T06:28:58","modified_gmt":"2014-09-29T06:28:58","slug":"talk-am-dom-mit-interessanten-gespraechspartnern","status":"publish","type":"post","link":"https:\/\/www.fuldaernachrichten.de\/?p=129916","title":{"rendered":"\u201eTalk am Dom\u201c mit interessanten Gespr\u00e4chspartnern"},"content":{"rendered":"<p>Fulda (bpf). Ganz verschiedene interessante Pers\u00f6nlichkeiten sind wieder G\u00e4ste in der\u00c2\u00a0 Gespr\u00e4chsreihe \u201eTalk am Dom \u2013 Menschen, Themen, Standpunkte\u201c am Mittwoch, 1. Oktober, um 20 Uhr im Caf\u00e9 Ideal, Rabanusstr. 12, in Fulda. Father Emmanuel Asi aus Pakistan, der wegen der diesj\u00e4hrigen Missio-Aktion zum Monat der Weltmission in Deutschland weilt, Raimund Jakob, der \u00fcber seine Erfahrungen mit dem deutsch-deutschen Grenzzaun berichten wird, die christliche Musikerin Patricia Kelly, Ria Noll, Erfinderin des Sargenzeller Fr\u00fcchteteppichs und Pater Martin Wolf, Superior des H\u00fcnfelder Oblatenklosters und Mitarbeiter am Bisch\u00f6flichen Kirchengericht, sind Gespr\u00e4chspartner von Moderator Klaus Depta. Sie kommen mit ihren vielseitigen und interessanten Lebensgeschichten zu Wort und werden Jung und Alt sowie Kirchenferne wie Kirchennahe ansprechen. F\u00fcr die musikalische Umrahmung der Veranstaltung sorgt Patricia Kelly. Der Eintritt ist frei. Weitere Informationen finden sich unter www.talk-am-dom.de.<\/p>\n","protected":false},"excerpt":{"rendered":"<div class=\"tmnf_excerpt\"><p>Fulda (bpf). Ganz verschiedene interessante Pers\u00f6nlichkeiten sind wieder G\u00e4ste in der\u00c2\u00a0 Gespr\u00e4chsreihe \u201eTalk am Dom \u2013 Menschen, Themen, Standpunkte\u201c am Mittwoch, 1. Oktober, um 20 Uhr im Caf\u00e9 Ideal, Rabanusstr. 12, in Fulda. Father Emmanuel Asi aus Pakistan, der wegen der diesj\u00e4hrigen Missio-Aktion zum Monat der Weltmission in Deutschland weilt, Raimund Jakob, der \u00fcber seine &hellip;<\/p>\n<\/div>","protected":false},"author":1,"featured_media":0,"comment_status":"closed","ping_status":"closed","sticky":false,"template":"","format":"standard","meta":{"footnotes":""},"categories":[1],"tags":[],"class_list":["post-129916","post","type-post","status-publish","format-standard","hentry","category-startseite"],"_links":{"self":[{"href":"https:\/\/www.fuldaernachrichten.de\/index.php?rest_route=\/wp\/v2\/posts\/129916","targetHints":{"allow":["GET"]}}],"collection":[{"href":"https:\/\/www.fuldaernachrichten.de\/index.php?rest_route=\/wp\/v2\/posts"}],"about":[{"href":"https:\/\/www.fuldaernachrichten.de\/index.php?rest_route=\/wp\/v2\/types\/post"}],"author":[{"embeddable":true,"href":"https:\/\/www.fuldaernachrichten.de\/index.php?rest_route=\/wp\/v2\/users\/1"}],"replies":[{"embeddable":true,"href":"https:\/\/www.fuldaernachrichten.de\/index.php?rest_route=%2Fwp%2Fv2%2Fcomments&post=129916"}],"version-history":[{"count":1,"href":"https:\/\/www.fuldaernachrichten.de\/index.php?rest_route=\/wp\/v2\/posts\/129916\/revisions"}],"predecessor-version":[{"id":129917,"href":"https:\/\/www.fuldaernachrichten.de\/index.php?rest_route=\/wp\/v2\/posts\/129916\/revisions\/129917"}],"wp:attachment":[{"href":"https:\/\/www.fuldaernachrichten.de\/index.php?rest_route=%2Fwp%2Fv2%2Fmedia&parent=129916"}],"wp:term":[{"taxonomy":"category","embeddable":true,"href":"https:\/\/www.fuldaernachrichten.de\/index.php?rest_route=%2Fwp%2Fv2%2Fcategories&post=129916"},{"taxonomy":"post_tag","embeddable":true,"href":"https:\/\/www.fuldaernachrichten.de\/index.php?rest_route=%2Fwp%2Fv2%2Ftags&post=129916"}],"curies":[{"name":"wp","href":"https:\/\/api.w.org\/{rel}","templated":true}]}}