{"id":129911,"date":"2014-09-27T07:57:39","date_gmt":"2014-09-27T07:57:39","guid":{"rendered":"http:\/\/www.fuldaer-nachrichten.de\/?p=129911"},"modified":"2014-09-27T07:57:39","modified_gmt":"2014-09-27T07:57:39","slug":"im-keller-findet-sich-die-loesung-wein-oder-nicht-sein","status":"publish","type":"post","link":"https:\/\/www.fuldaernachrichten.de\/?p=129911","title":{"rendered":"Im Keller findet sich die L\u00f6sung: &#8220;Wein oder nicht sein&#8221; &#8230;"},"content":{"rendered":"<p><a href=\"http:\/\/www.fuldaer-nachrichten.de\/wp-content\/uploads\/2014\/09\/Cover-Kauss-KLEIN.jpg\"><img fetchpriority=\"high\" decoding=\"async\" class=\"alignleft size-thumbnail wp-image-129912\" src=\"http:\/\/www.fuldaer-nachrichten.de\/wp-content\/uploads\/2014\/09\/Cover-Kauss-KLEIN-265x416.jpg\" alt=\"Cover Kauss-KLEIN\" width=\"265\" height=\"416\" srcset=\"https:\/\/www.fuldaernachrichten.de\/wp-content\/uploads\/2014\/09\/Cover-Kauss-KLEIN-265x416.jpg 265w, https:\/\/www.fuldaernachrichten.de\/wp-content\/uploads\/2014\/09\/Cover-Kauss-KLEIN-168x265.jpg 168w, https:\/\/www.fuldaernachrichten.de\/wp-content\/uploads\/2014\/09\/Cover-Kauss-KLEIN-381x600.jpg 381w, https:\/\/www.fuldaernachrichten.de\/wp-content\/uploads\/2014\/09\/Cover-Kauss-KLEIN.jpg 600w\" sizes=\"(max-width: 265px) 100vw, 265px\" \/><\/a>Oestrich-Winkel. Ein Weinsammler h\u00fctet 35.000 Flaschen fl\u00fcssigen Traumstoff in einem alten Lufschutzbunker. Beim Probieren mit zwei guten Freunden schlie\u00dft sich die alarmgesicherte Stahlt\u00fcr. Ein mittelloser Rentner hat zugeschlagen &#8230; Und schon sind wir mittendrin in einer spannenden Geschichte rund um das Leben und den Wein. Geschrieben hat sie Uwe Kauss. Am 16. Oktober ist er zu Gast im Oestricher Gutshaus der Weing\u00fcter Wegeler und nimmt uns mit in eine faszinierende Welt, die irgendwie anders tickt. Um 19.00 Uhr geht&#8217;s los. Im Preis von EUR 10,- sind ein Leseabenteuer der besonderen Art und frisches Geb\u00e4ck als Grundlage f\u00fcr den Weingenuss enthalten. Vor Ort werden mehrere Weine zum Verkauf zu Weingutspreisen angeboten.<!--more--><\/p>\n<p>Uwe Kauss, geboren 1964, wuchs in Frankfurt am Main auf. Er studierte Germanistik und Soziologie und arbeitet als Journalist, Lektor und Buchautor. Seine Beitr\u00e4ge &#8211; auch \u00fcber Wein &#8211; erscheinen zum Beispiel in der Sonntagszeitung der FAZ. F\u00fcnfzehn Sachb\u00fccher f\u00fcr Kinder und Erwachsene hat er ver\u00f6ffentlicht. &#8220;Wein oder nicht sein&#8221; ist sein erster Roman, Sechs Jahre hat er an dem Stoff gearbeitet bis er alles f\u00fcr rund befand. Im Juni 2014 ist das Buch im Cocon-Verlag, Hanau, erschienen.<\/p>\n<p>Tom Drieseberg, Chef der Weing\u00fcter Wegeler, war spontan begeistert und hat den Autor nach Oestrich eingeladen. Im Gutshaus der Wegelers finden in unregelm\u00e4\u00dfigen Abst\u00e4nden Lesungen ausgew\u00e4hlter Autoren statt. &#8220;Das ist genau so, wie mit unseren Weinen. Wir schauen ganz genau hin, und wenn die Zeit reif und der Stoff gut ist, dann teilen wir unsere Freude mit Menschen, die das Besondere zu sch\u00e4tzen wissen&#8221;, so Drieseberg.<\/p>\n<p>Einen kleinen Vorgeschmack auf das Buch liefert der Autor mit folgenden Zeilen: \u201eWenn ich in einem Rotwein nasses Laub, Erde und Waldboden schmecke, kommt sofort die Erinnerung an meine Zeit im Kinderheim. Da musste ich stundenlang im Herbst durch den Wald wandern, meine F\u00fc\u00dfe waren fast blau gefroren und die anderen Jungs drangsalierten und pr\u00fcgelten mich. Das rieche ich! Und wenn alle den Wein f\u00fcr diese Aromen bejubeln, bin ich ganz still.\u201c<\/p>\n<p>Und was sagen die Medien dazu? Hier sind einige Pressestimmen:<\/p>\n<p>&#8220;Uwe Kauss hat es geschafft, die Weinwelt zu hinterfragen, die Sucht zu legitimieren, die Gier begreiflich zu machen.&#8221; (Ren\u00e9 Gabriel)<\/p>\n<p>&#8220;Mit zunehmender Dramatik ger\u00e4t das Geschehen im Keller zum Kammerspiel nach dem Vorbild eines Francis Durbridge, und schlie\u00dflich geht es um existenzielle Fragen.&#8221; (wein-plus.de)<\/p>\n<p>&#8220;Schmeckt Wein in Freiheit anders als in Gefangenschaft? Die Antworten sind intelligent und \u00fcberraschend. Die geistreichen Dialoge lassen einen nicht mehr los.&#8221;(wein.pur, Wien)<\/p>\n<p><strong>Anmeldungen<\/strong> f\u00fcr die Lesung am Donnerstag, 16. Oktober, 19.00 Uhr, bitte unter Tel. 06723 99 09 0 oder per e-mail unter <a href=\"mailto:info@wegeler.com\">info@wegeler.com<\/a>. Die Karten werden hinterlegt und an der Abendkasse im Weingut, Friedensplatz 9 \u2013 11, 65375 Oestrich-Winkel, bezahlt. Sollten noch Pl\u00e4tze frei sein, so sind Karten daf\u00fcr an der Abendkasse erh\u00e4ltlich.<\/p>\n","protected":false},"excerpt":{"rendered":"<div class=\"tmnf_excerpt\"><p>Oestrich-Winkel. Ein Weinsammler h\u00fctet 35.000 Flaschen fl\u00fcssigen Traumstoff in einem alten Lufschutzbunker. Beim Probieren mit zwei guten Freunden schlie\u00dft sich die alarmgesicherte Stahlt\u00fcr. Ein mittelloser Rentner hat zugeschlagen &#8230; Und schon sind wir mittendrin in einer spannenden Geschichte rund um das Leben und den Wein. Geschrieben hat sie Uwe Kauss. Am 16. Oktober ist er &hellip;<\/p>\n<\/div>","protected":false},"author":1,"featured_media":0,"comment_status":"closed","ping_status":"closed","sticky":false,"template":"","format":"standard","meta":{"footnotes":""},"categories":[1,44],"tags":[],"class_list":["post-129911","post","type-post","status-publish","format-standard","hentry","category-startseite","category-kultur"],"_links":{"self":[{"href":"https:\/\/www.fuldaernachrichten.de\/index.php?rest_route=\/wp\/v2\/posts\/129911","targetHints":{"allow":["GET"]}}],"collection":[{"href":"https:\/\/www.fuldaernachrichten.de\/index.php?rest_route=\/wp\/v2\/posts"}],"about":[{"href":"https:\/\/www.fuldaernachrichten.de\/index.php?rest_route=\/wp\/v2\/types\/post"}],"author":[{"embeddable":true,"href":"https:\/\/www.fuldaernachrichten.de\/index.php?rest_route=\/wp\/v2\/users\/1"}],"replies":[{"embeddable":true,"href":"https:\/\/www.fuldaernachrichten.de\/index.php?rest_route=%2Fwp%2Fv2%2Fcomments&post=129911"}],"version-history":[{"count":1,"href":"https:\/\/www.fuldaernachrichten.de\/index.php?rest_route=\/wp\/v2\/posts\/129911\/revisions"}],"predecessor-version":[{"id":129913,"href":"https:\/\/www.fuldaernachrichten.de\/index.php?rest_route=\/wp\/v2\/posts\/129911\/revisions\/129913"}],"wp:attachment":[{"href":"https:\/\/www.fuldaernachrichten.de\/index.php?rest_route=%2Fwp%2Fv2%2Fmedia&parent=129911"}],"wp:term":[{"taxonomy":"category","embeddable":true,"href":"https:\/\/www.fuldaernachrichten.de\/index.php?rest_route=%2Fwp%2Fv2%2Fcategories&post=129911"},{"taxonomy":"post_tag","embeddable":true,"href":"https:\/\/www.fuldaernachrichten.de\/index.php?rest_route=%2Fwp%2Fv2%2Ftags&post=129911"}],"curies":[{"name":"wp","href":"https:\/\/api.w.org\/{rel}","templated":true}]}}