{"id":129907,"date":"2014-09-27T07:50:40","date_gmt":"2014-09-27T07:50:40","guid":{"rendered":"http:\/\/www.fuldaer-nachrichten.de\/?p=129907"},"modified":"2014-09-27T07:50:40","modified_gmt":"2014-09-27T07:50:40","slug":"ambinius-mitmachaktionen-fuer-senioren-2","status":"publish","type":"post","link":"https:\/\/www.fuldaernachrichten.de\/?p=129907","title":{"rendered":"ambinius \u2013 Mitmachaktionen f\u00fcr Senioren"},"content":{"rendered":"<p>Fulda. Die Kindertagesst\u00e4tte des St. Antoniusheims bietet in naher Zukunft feste Angebote f\u00fcr Senioren an. Unter dem Namen \u201eambinius\u201c k\u00f6nnen Jung und Alt dort gemeinsam kreativ sein, voneinander lernen und sich gegenseitig unterst\u00fctzen. Die Kindertagesst\u00e4tte m\u00f6chte alle Interessierte mit einem bunten Mitmach-Programm auf dieses Projekt einstimmen. Die n\u00e4chste Aktion findet am 30. September 2014, von 15 bis 17 Uhr, in der Kindertagesst\u00e4tte (St. Vinzenz-Stra\u00dfe 54, 36041 Fulda) statt: Thema dieses Mal: Gemeinsames Basteln von Herbstdekoration, Vorbereitung auf Erntedank und Backen eines leckeren Zucchinikuchens. Auf Anfrage kann ein Fahrdienst gestellt werden. Anmeldungen werden in der KiTa unter der Telefonnummer 0661\/250065201 entgegengenommen. Weitere Informationen zu diesem Projekt finden Sie unter www.ambinius.de.<\/p>\n<p>&nbsp;<\/p>\n","protected":false},"excerpt":{"rendered":"<div class=\"tmnf_excerpt\"><p>Fulda. Die Kindertagesst\u00e4tte des St. Antoniusheims bietet in naher Zukunft feste Angebote f\u00fcr Senioren an. Unter dem Namen \u201eambinius\u201c k\u00f6nnen Jung und Alt dort gemeinsam kreativ sein, voneinander lernen und sich gegenseitig unterst\u00fctzen. Die Kindertagesst\u00e4tte m\u00f6chte alle Interessierte mit einem bunten Mitmach-Programm auf dieses Projekt einstimmen. Die n\u00e4chste Aktion findet am 30. September 2014, von &hellip;<\/p>\n<\/div>","protected":false},"author":1,"featured_media":0,"comment_status":"closed","ping_status":"closed","sticky":false,"template":"","format":"standard","meta":{"footnotes":""},"categories":[1,72],"tags":[],"class_list":["post-129907","post","type-post","status-publish","format-standard","hentry","category-startseite","category-jugend"],"_links":{"self":[{"href":"https:\/\/www.fuldaernachrichten.de\/index.php?rest_route=\/wp\/v2\/posts\/129907","targetHints":{"allow":["GET"]}}],"collection":[{"href":"https:\/\/www.fuldaernachrichten.de\/index.php?rest_route=\/wp\/v2\/posts"}],"about":[{"href":"https:\/\/www.fuldaernachrichten.de\/index.php?rest_route=\/wp\/v2\/types\/post"}],"author":[{"embeddable":true,"href":"https:\/\/www.fuldaernachrichten.de\/index.php?rest_route=\/wp\/v2\/users\/1"}],"replies":[{"embeddable":true,"href":"https:\/\/www.fuldaernachrichten.de\/index.php?rest_route=%2Fwp%2Fv2%2Fcomments&post=129907"}],"version-history":[{"count":1,"href":"https:\/\/www.fuldaernachrichten.de\/index.php?rest_route=\/wp\/v2\/posts\/129907\/revisions"}],"predecessor-version":[{"id":129908,"href":"https:\/\/www.fuldaernachrichten.de\/index.php?rest_route=\/wp\/v2\/posts\/129907\/revisions\/129908"}],"wp:attachment":[{"href":"https:\/\/www.fuldaernachrichten.de\/index.php?rest_route=%2Fwp%2Fv2%2Fmedia&parent=129907"}],"wp:term":[{"taxonomy":"category","embeddable":true,"href":"https:\/\/www.fuldaernachrichten.de\/index.php?rest_route=%2Fwp%2Fv2%2Fcategories&post=129907"},{"taxonomy":"post_tag","embeddable":true,"href":"https:\/\/www.fuldaernachrichten.de\/index.php?rest_route=%2Fwp%2Fv2%2Ftags&post=129907"}],"curies":[{"name":"wp","href":"https:\/\/api.w.org\/{rel}","templated":true}]}}