{"id":129902,"date":"2014-09-27T07:47:55","date_gmt":"2014-09-27T07:47:55","guid":{"rendered":"http:\/\/www.fuldaer-nachrichten.de\/?p=129902"},"modified":"2014-09-27T07:47:55","modified_gmt":"2014-09-27T07:47:55","slug":"27-millionen-euro-fur-zukunftsstrategie-der-filzfabrik","status":"publish","type":"post","link":"https:\/\/www.fuldaernachrichten.de\/?p=129902","title":{"rendered":"27 Millionen Euro fu\u00cc\u02c6r Zukunftsstrategie der Filzfabrik"},"content":{"rendered":"<div id=\"attachment_129905\" style=\"width: 275px\" class=\"wp-caption alignleft\"><a href=\"http:\/\/www.fuldaer-nachrichten.de\/wp-content\/uploads\/2014\/09\/z_141222_Luftbild_D2.jpg\"><img decoding=\"async\" aria-describedby=\"caption-attachment-129905\" class=\"size-thumbnail wp-image-129905\" src=\"http:\/\/www.fuldaer-nachrichten.de\/wp-content\/uploads\/2014\/09\/z_141222_Luftbild_D2-265x183.jpg\" alt=\"Das Gel\u00e4nde der FFF Group, mit vermieteten Fl\u00e4chen, an der Frankfurter Stra\u00dfe Ecke Westumgehung\" width=\"265\" height=\"183\" srcset=\"https:\/\/www.fuldaernachrichten.de\/wp-content\/uploads\/2014\/09\/z_141222_Luftbild_D2-265x183.jpg 265w, https:\/\/www.fuldaernachrichten.de\/wp-content\/uploads\/2014\/09\/z_141222_Luftbild_D2.jpg 600w\" sizes=\"(max-width: 265px) 100vw, 265px\" \/><\/a><p id=\"caption-attachment-129905\" class=\"wp-caption-text\">Das Gel\u00e4nde der FFF Group, mit vermieteten Fl\u00e4chen, an der Frankfurter Stra\u00dfe Ecke Westumgehung<\/p><\/div>\n<p>Fulda. Seit mehr als 130 Jahren ist die Filzfabrik Fulda als Traditionsunternehmen erfolgreich am Markt \u2013 nun wurden erneut die Zeichen auf Zukunft gestellt: Mit Investitionen von 27 Millionen Euro in Geba\u00cc\u02c6ude und Grundstu\u00cc\u02c6cke, Anlagen und Infrastruktur sichert die FFF Group den Standort Fulda und plant fu\u00cc\u02c6r die Filzfabrik zusa\u00cc\u02c6tzliche Erweiterungen. \u201eWir haben von 2009 bis heute unsere Produktion fu\u00cc\u02c6r die ku\u00cc\u02c6nftige Ausrichtung des Unternehmens versta\u00cc\u02c6rkt optimiert und ko\u00cc\u02c6nnen damit als Systemanbieter fu\u00cc\u02c6r technische Textilien noch besser auf die Wu\u00cc\u02c6nsche unserer Kunden eingehen\u201c, sagt gescha\u00cc\u02c6ftsfu\u00cc\u02c6hrender Gesellschafter, Martin Scha\u00cc\u02c6fer.<!--more--><\/p>\n<p>Die FFF Group verfu\u00cc\u02c6gt heute u\u00cc\u02c6ber ein Gesamtgrundstu\u00cc\u02c6ck von 91.000 Quadratmetern. \u201eMan kann es von der Frankfurter Stra\u00dfe aus kaum sehen, ho\u00cc\u02c6chstens erahnen, aber unsere Produktionsfla\u00cc\u02c6chen fu\u00cc\u02c6r technische Vliesstoffe und Wollfilze entsprechen einer Gro\u00cc\u02c6\u00dfe von u\u00cc\u02c6ber zwo\u00cc\u02c6lf Fu\u00dfballfeldern\u201c, betont Scha\u00cc\u02c6fer. War fru\u00cc\u02c6her die Filzfabrik teilweise Mieter bei Dura, ist sie heute Eigentu\u00cc\u02c6mer des nahezu gesamten Areals und hat mit den Grundstu\u00cc\u02c6ckszuka\u00cc\u02c6ufen eine zusammenha\u00cc\u02c6ngende Fla\u00cc\u02c6che geschaffen. Der Zugang erfolgt u\u00cc\u02c6ber die Fuldaer Westumgehung (Karl-Storch-Stra\u00dfe). Im Randbereich des Geba\u00cc\u02c6udekomplexes sind rund 30 Prozent an die Unternehmen Zufall, Dura, Doorout und Baxmann vermietet. Lediglich an die Firma Wagner Fahrzeugteile, die einen Neubau an der Karl-Storch-Stra\u00dfe errichtet, wurde ein Teil des Grundstu\u00cc\u02c6cks verkauft.<\/p>\n<p>\u201eUnsere Strategie ist ganz klar die Standortsicherung der Filzfabrik Fulda \u2013 mit der Mo\u00cc\u02c6glichkeit, weitere Kapazita\u00cc\u02c6ten fu\u00cc\u02c6r neue Projekte bereitzuhalten. Deshalb wollten wir nicht weiter Mieter bleiben, sondern komplett auf eigenem Grund und Boden agieren\u201c, erkla\u00cc\u02c6rt Martin Scha\u00cc\u02c6fer die Hintergru\u00cc\u02c6nde der Fla\u00cc\u02c6chenzuka\u00cc\u02c6ufe durch die FFF Group und berichtet von einem pra\u00cc\u02c6genden Erlebnis im Ma\u00cc\u02c6rz 2008: Im Giengener Werk \u2013 bei Heidenheim \u2013 gab es einen Gro\u00dfbrand. \u201eEs war am Ostersonntag und unsere komplette Fertigung fu\u00cc\u02c6r synthetische Vliesstoffe war vom Brand betroffen. Es gelang uns mit der Unterstu\u00cc\u02c6tzung der Kollegen aus Giengen bereits drei Tage spa\u00cc\u02c6ter, die Produktion in Fulda wieder aufzunehmen, obwohl das fu\u00cc\u02c6r die Kollegen vor Ort Neuland war\u201c, so der Unternehmer. Seitdem sei die Produktion der synthetischen Vliesstoffe sukzessive nach Fulda verlagert worden.<\/p>\n<p>Die Filzfabrik, die Teil der FFF Group ist, bietet Systemlo\u00cc\u02c6sungen von der Produktion u\u00cc\u02c6ber die Veredelung bis hin zur Konfektionierung von technischen Textilien und klassischen Wollfilzen an. Verschiedenste Vliesstoffe und Filze werden fu\u00cc\u02c6r mehr als 80 verschiedene Branchen nach individuellem Kundenbedarf hergestellt: Von A wie Aluminium bis Z wie Zu\u00cc\u02c6ge erstrecken sich die Anwendungen des internationalen Kundenstamms.<\/p>\n<p><!--more--><\/p>\n<p><!--more--><\/p>\n<div class=\"page\" title=\"Page 2\">\n<div class=\"layoutArea\">\n<div class=\"column\">\n<p><strong>Die Werbeagentur.<\/strong><\/p>\n<p>\u201eWir sind fu\u00cc\u02c6r die Zukunft bestens gewappnet\u201c, bekra\u00cc\u02c6ftigt Martin Scha\u00cc\u02c6fer, der in diesem Zuge nicht nur die hohen Qualita\u00cc\u02c6tsstandards des Unternehmens herausstellt, die weltweit gefragt sind, sondern auch die sicheren Arbeits- und Ausbildungspla\u00cc\u02c6tze fu\u00cc\u02c6r die Region. Der Betrieb bildet im kaufma\u00cc\u02c6nnischen und gewerblichen Bereich aus und bietet die Mo\u00cc\u02c6glichkeit des Dualen Studiums. \u201eAuch hinsichtlich unserer Fachkra\u00cc\u02c6fte denken wir heute schon an morgen und sichern mit einer zukunftsorientierten Personalpolitik und hervorragend ausgebildetem Nachwuchs weiterhin den erfolgreichen Fortbestand der Filzfabrik\u201c, betont der gescha\u00cc\u02c6ftsfu\u00cc\u02c6hrende Gesellschafter.<\/p>\n<p><strong>U\u00cc\u02c6ber die Filzfabrik Fulda<\/strong><\/p>\n<p>Der Systemlieferant fu\u00cc\u02c6r technische Textilien fertigt Vliesstoffe und Wollfilze individuell nach Kundenwunsch und ist nach ISO\/TS 16949 zertifiziert, dem internationalen Qualita\u00cc\u02c6tsstandard der Automobilindustrie. Das Fuldaer Traditionsunternehmen mit mittlerweile 218 Mitarbeitern am Standort wurde 1881 gegru\u00cc\u02c6ndet und agiert heute unter der Leitung von Martin Scha\u00cc\u02c6fer in der dritten Generation. Zu seinen Kunden za\u00cc\u02c6hlen namhafte Unternehmen aus der Automobil-, Filtrations-, Akustik-, Bau- und Stahlbranche, au\u00dferdem Architekten, Maschinenbauer, Designer, Raumausstatter und die klassische Textilindustrie. Der Betrieb ist Teil der internationalen FFF Group, zu der au\u00dferdem die Vereinigte Filzfabriken, M&amp;K Filze, FIR Fulda \u2013 IT und Felt Industries \u2013 FR geho\u00cc\u02c6ren.<\/p>\n<p>www.filzfabrik-fulda.de<\/p>\n<\/div>\n<\/div>\n<\/div>\n","protected":false},"excerpt":{"rendered":"<div class=\"tmnf_excerpt\"><p>Fulda. Seit mehr als 130 Jahren ist die Filzfabrik Fulda als Traditionsunternehmen erfolgreich am Markt \u2013 nun wurden erneut die Zeichen auf Zukunft gestellt: Mit Investitionen von 27 Millionen Euro in Geba\u00cc\u02c6ude und Grundstu\u00cc\u02c6cke, Anlagen und Infrastruktur sichert die FFF Group den Standort Fulda und plant fu\u00cc\u02c6r die Filzfabrik zusa\u00cc\u02c6tzliche Erweiterungen. \u201eWir haben von 2009 &hellip;<\/p>\n<\/div>","protected":false},"author":1,"featured_media":0,"comment_status":"closed","ping_status":"closed","sticky":false,"template":"","format":"standard","meta":{"footnotes":""},"categories":[1,29],"tags":[],"class_list":["post-129902","post","type-post","status-publish","format-standard","hentry","category-startseite","category-politik"],"_links":{"self":[{"href":"https:\/\/www.fuldaernachrichten.de\/index.php?rest_route=\/wp\/v2\/posts\/129902","targetHints":{"allow":["GET"]}}],"collection":[{"href":"https:\/\/www.fuldaernachrichten.de\/index.php?rest_route=\/wp\/v2\/posts"}],"about":[{"href":"https:\/\/www.fuldaernachrichten.de\/index.php?rest_route=\/wp\/v2\/types\/post"}],"author":[{"embeddable":true,"href":"https:\/\/www.fuldaernachrichten.de\/index.php?rest_route=\/wp\/v2\/users\/1"}],"replies":[{"embeddable":true,"href":"https:\/\/www.fuldaernachrichten.de\/index.php?rest_route=%2Fwp%2Fv2%2Fcomments&post=129902"}],"version-history":[{"count":1,"href":"https:\/\/www.fuldaernachrichten.de\/index.php?rest_route=\/wp\/v2\/posts\/129902\/revisions"}],"predecessor-version":[{"id":129906,"href":"https:\/\/www.fuldaernachrichten.de\/index.php?rest_route=\/wp\/v2\/posts\/129902\/revisions\/129906"}],"wp:attachment":[{"href":"https:\/\/www.fuldaernachrichten.de\/index.php?rest_route=%2Fwp%2Fv2%2Fmedia&parent=129902"}],"wp:term":[{"taxonomy":"category","embeddable":true,"href":"https:\/\/www.fuldaernachrichten.de\/index.php?rest_route=%2Fwp%2Fv2%2Fcategories&post=129902"},{"taxonomy":"post_tag","embeddable":true,"href":"https:\/\/www.fuldaernachrichten.de\/index.php?rest_route=%2Fwp%2Fv2%2Ftags&post=129902"}],"curies":[{"name":"wp","href":"https:\/\/api.w.org\/{rel}","templated":true}]}}