{"id":129899,"date":"2014-09-27T07:44:38","date_gmt":"2014-09-27T07:44:38","guid":{"rendered":"http:\/\/www.fuldaer-nachrichten.de\/?p=129899"},"modified":"2014-09-27T07:44:38","modified_gmt":"2014-09-27T07:44:38","slug":"buergermeisterwahl-in-burghaun-simon-sauerbier-stellt-sich-erstmals-oeffentlich-vor","status":"publish","type":"post","link":"https:\/\/www.fuldaernachrichten.de\/?p=129899","title":{"rendered":"B\u00fcrgermeisterwahl in Burghaun &#8211; Simon Sauerbier stellt sich erstmals \u00f6ffentlich vor"},"content":{"rendered":"<p><strong><a href=\"http:\/\/www.fuldaer-nachrichten.de\/wp-content\/uploads\/2014\/09\/2014-09-Bild-vom-19.9..jpg\"><img decoding=\"async\" class=\"alignleft size-thumbnail wp-image-129900\" src=\"http:\/\/www.fuldaer-nachrichten.de\/wp-content\/uploads\/2014\/09\/2014-09-Bild-vom-19.9.-265x90.jpg\" alt=\"2014-09 Bild vom 19.9.\" width=\"265\" height=\"90\" srcset=\"https:\/\/www.fuldaernachrichten.de\/wp-content\/uploads\/2014\/09\/2014-09-Bild-vom-19.9.-265x90.jpg 265w, https:\/\/www.fuldaernachrichten.de\/wp-content\/uploads\/2014\/09\/2014-09-Bild-vom-19.9..jpg 600w\" sizes=\"(max-width: 265px) 100vw, 265px\" \/><\/a>Burghaun.<\/strong> Erstmals stellte sich B\u00fcrgermeisterkandidat Simon Sauerbier der \u00d6ffentlichkeit im Don-Bosco-Haus in Burghaun vor. Der Saal platzte aus allen N\u00e4hten. Schon lange vor Beginn waren die Stuhlreihen gef\u00fcllt. Rund 200 Interessierte verfolgten gespannt die Vorstellung des Kandidaten. Durch den Abend f\u00fchrte der aus der regionalen Presse bekannte Journalist Steffen Reith. Nach einer Pr\u00e4sentation des Lebenslaufes von Simon Sauerbier standen 10 Fragen des Moderators an den Kandidaten am Beginn der Veranstaltung. Im Mittelpunkt standen dabei Motivation, Beweggr\u00fcnde und Ziele des Kandidaten f\u00fcr eine Bewerbung zum B\u00fcrgermeister der Marktgemeinde Burghaun.<!--more--><\/p>\n<p>Sauerbier stellte dabei ganz besonders in den Mittelpunkt, dass er in den wirtschaftlichen Potenzialen der Marktgemeinde Burghaun, den gut ausgebildeten Menschen, der vorhandenen Infrastruktur, der guten Verkehrsanbindung und den vorhandenen guten Standards gro\u00dfe Entwicklungschancen f\u00fcr die Kommune und ihre B\u00fcrger sehe. Er selbst verf\u00fcgt \u00fcber genau diesen beruflichen Hintergrund. Vor Ort hat er diese Qualit\u00e4ten bereits unter anderem bei der Projektentwicklung der Solarparks in Gruben und Rothenkirchen sowie zahlreicher Dachanlagen eingebracht. Zudem treibt eine Gruppe von Schlotzauern um Sauerbier die Entwicklung des Dorfes mit einem Breitband- und Nahw\u00e4rmenetz voran, und arbeitet aktiv die Chancen der Kommune heraus. Die Kombination aus Eigeninitative und kommunaler Koordination bietet den B\u00fcrgern den Erhalt eines lebenswerten Umfeldes. Er selbst ist mit seiner Familie nach einigen Berufsjahren in die Region zur\u00fcckgekehrt, um genau hier zu leben und zu wirken. Seine Verbundenheit mit der Region und den Menschen ist seine Motivation sich hier zu engagieren.<\/p>\n<p>Eindringlich schilderte Sauerbier, dass nur die Vernetzung mit den Nachbarn die Wirtschaftlichkeit der Kommunen st\u00e4rke. Den fl\u00e4chendeckenden Breitbandausbau bis in die Tiefe der Region sieht er als Voraussetzung f\u00fcr eine starke wirtschaftliche Entwicklung aus sich selbst heraus. Die Anbindung an Fulda, Hersfeld und das Rhein-Main-Gebiet bietet f\u00fcr ihn die M\u00f6glichkeit bezahlbaren Wohnraum f\u00fcr Familien in einer intakten Umwelt zu entwickeln.<\/p>\n<p>Sauerbier will dem demografischen Wandel und der \u00dcberalterung der D\u00f6rfer durch Generationenprojekte \u00fcber Familiengrenzen hinaus trotzen, den Energiebedarf durch nachwachsende Rohstoffe, Nahw\u00e4rme- und Solarprojekte begegnen und sich gegen Vereinnahmung durch Gro\u00dfprojekte wie Windparks und Stromautobahnen wehren.<\/p>\n<p>Entsprechend seines beruflichen Hintergrunds liegt sein besonderer Fokus auf der Wirtschaftlichkeit der Gemeindefinanzen inklusive fristgerechter, transparenter Rechnungslegung. Simon Sauerbier ist ein Familienmensch. Er betonte, dass sein Leben mit mehreren Generationen unter einem Dach ein ganz wichtiger Teil seines Heimatgef\u00fchls sei und er dies als Erdung f\u00fcr seinen Job und sein Engagement im R\u00fccken sch\u00e4tze.<\/p>\n<p>Nach der Fragerunde durch den Moderator kamen B\u00fcrger zu Wort, die sich kritisch mit Themen der Kinderbetreuung in der Marktgemeinde, den Problemen bei der Entwicklung des Nahw\u00e4rmenetzes in Schlotzau und dem Ausbau der Windkraft in der Region besch\u00e4ftigten. Simon Sauerbier pr\u00e4sentierte sich hier aufgeschlossen und begegnete den Fragestellern offen und mit gro\u00dfer Herzlichkeit. Das Publikum honorierte dies mit Zwischenapplaus.<\/p>\n<p>Am Ende konnten sich Besucher, die Simon Sauerbier bei der Kandidatur unterst\u00fctzen wollen, in die Listen der Unterst\u00fctzer eintragen. Simon Sauerbiers Wunsch ist es, von einer breiten B\u00fcrgerschicht bei seiner Kandidatur getragen zu werden. Er betonte damit auch seinen Wunsch, dem Schubladendenken entgegenzuwirken und \u00fcber Parteigrenzen hinaus verbindend zu wirken.<\/p>\n","protected":false},"excerpt":{"rendered":"<div class=\"tmnf_excerpt\"><p>Burghaun. Erstmals stellte sich B\u00fcrgermeisterkandidat Simon Sauerbier der \u00d6ffentlichkeit im Don-Bosco-Haus in Burghaun vor. Der Saal platzte aus allen N\u00e4hten. Schon lange vor Beginn waren die Stuhlreihen gef\u00fcllt. Rund 200 Interessierte verfolgten gespannt die Vorstellung des Kandidaten. Durch den Abend f\u00fchrte der aus der regionalen Presse bekannte Journalist Steffen Reith. Nach einer Pr\u00e4sentation des Lebenslaufes &hellip;<\/p>\n<\/div>","protected":false},"author":1,"featured_media":0,"comment_status":"closed","ping_status":"closed","sticky":false,"template":"","format":"standard","meta":{"footnotes":""},"categories":[1,29],"tags":[],"class_list":["post-129899","post","type-post","status-publish","format-standard","hentry","category-startseite","category-politik"],"_links":{"self":[{"href":"https:\/\/www.fuldaernachrichten.de\/index.php?rest_route=\/wp\/v2\/posts\/129899","targetHints":{"allow":["GET"]}}],"collection":[{"href":"https:\/\/www.fuldaernachrichten.de\/index.php?rest_route=\/wp\/v2\/posts"}],"about":[{"href":"https:\/\/www.fuldaernachrichten.de\/index.php?rest_route=\/wp\/v2\/types\/post"}],"author":[{"embeddable":true,"href":"https:\/\/www.fuldaernachrichten.de\/index.php?rest_route=\/wp\/v2\/users\/1"}],"replies":[{"embeddable":true,"href":"https:\/\/www.fuldaernachrichten.de\/index.php?rest_route=%2Fwp%2Fv2%2Fcomments&post=129899"}],"version-history":[{"count":1,"href":"https:\/\/www.fuldaernachrichten.de\/index.php?rest_route=\/wp\/v2\/posts\/129899\/revisions"}],"predecessor-version":[{"id":129901,"href":"https:\/\/www.fuldaernachrichten.de\/index.php?rest_route=\/wp\/v2\/posts\/129899\/revisions\/129901"}],"wp:attachment":[{"href":"https:\/\/www.fuldaernachrichten.de\/index.php?rest_route=%2Fwp%2Fv2%2Fmedia&parent=129899"}],"wp:term":[{"taxonomy":"category","embeddable":true,"href":"https:\/\/www.fuldaernachrichten.de\/index.php?rest_route=%2Fwp%2Fv2%2Fcategories&post=129899"},{"taxonomy":"post_tag","embeddable":true,"href":"https:\/\/www.fuldaernachrichten.de\/index.php?rest_route=%2Fwp%2Fv2%2Ftags&post=129899"}],"curies":[{"name":"wp","href":"https:\/\/api.w.org\/{rel}","templated":true}]}}