{"id":129882,"date":"2014-09-27T00:09:09","date_gmt":"2014-09-27T00:09:09","guid":{"rendered":"http:\/\/www.fuldaer-nachrichten.de\/?p=129882"},"modified":"2014-09-27T07:35:08","modified_gmt":"2014-09-27T07:35:08","slug":"gute-bis-sehr-gute-apfelernte-erwartet-rhoener-apfelinitiative-blickt-optimistisch-auf-die-bevorstehenden-wochen","status":"publish","type":"post","link":"https:\/\/www.fuldaernachrichten.de\/?p=129882","title":{"rendered":"Gute bis sehr gute Apfelernte erwartet &#8211; Rh\u00f6ner Apfelinitiative blickt optimistisch auf die bevorstehenden Wochen"},"content":{"rendered":"<p><a href=\"http:\/\/www.fuldaer-nachrichten.de\/wp-content\/uploads\/2014\/09\/Rh\u00f6ner-Streuobst.jpg\"><img fetchpriority=\"high\" decoding=\"async\" class=\"alignnone size-full wp-image-129889\" src=\"http:\/\/www.fuldaer-nachrichten.de\/wp-content\/uploads\/2014\/09\/Rh\u00f6ner-Streuobst.jpg\" alt=\"Rh\u00f6ner Streuobst\" width=\"560\" height=\"408\" \/><\/a><\/p>\n<p>Rh\u00f6n. Die Rh\u00f6ner Apfelinitiative (RAI) erwartet nach mehreren Jahren der \u201eApfelkrise\u201c in diesem Jahr erstmals nach 2008 wieder eine gute bis sehr gute Apfelernte. Der Lohnmosttausch sowie der Apfelaufkauf an allen Apfelannahmestellen der RAI werden in diesem Jahr von einer Tochterfirma der Rh\u00f6n-Sprudel-Gruppe \u00fcbernommen.<!--more--><\/p>\n<p><a href=\"http:\/\/www.fuldaer-nachrichten.de\/wp-content\/uploads\/2014\/09\/Auf-eine-\u00fcppige-Apfelbl\u00fcte-folgten-nahezu-optimale-Wetterbedingungen-hier-Maike-Pfannm\u00fcller-Bildmitte-bei-der-Bio-Kontrolle....jpg\"><img decoding=\"async\" class=\"alignleft size-thumbnail wp-image-129887\" src=\"http:\/\/www.fuldaer-nachrichten.de\/wp-content\/uploads\/2014\/09\/Auf-eine-\u00fcppige-Apfelbl\u00fcte-folgten-nahezu-optimale-Wetterbedingungen-hier-Maike-Pfannm\u00fcller-Bildmitte-bei-der-Bio-Kontrolle...-265x176.jpg\" alt=\"Auf eine \u00fcppige Apfelbl\u00fcte folgten nahezu optimale Wetterbedingungen - hier Maike Pfannm\u00fcller (Bildmitte) bei der Bio-Kontrolle...\" width=\"265\" height=\"176\" \/><\/a>\u201eBereits zum 1. Juni wurde ein Teil des Vertriebs der Produkte der Kelterei ELM \u2013 seit vielen Jahren die Partner-Kelterei der Rh\u00f6ner Apfelinitiative \u2013 an die \u00e2\u20ac\u0161Biosphere Vertriebs-GmbH\u00e2\u20ac\u02dc \u00fcbertragen. Es handelt sich hierbei um eine Tochterfirma der Rh\u00f6n-Sprudel-Gruppe. Diese \u00fcbernimmt f\u00fcr die Apfelernte 2014\/2015 nun auch f\u00fcr alle Apfelannahmestellen der Rh\u00f6ner Apfelinitiative den Lohnmosttausch und den Apfelaufkauf. Wir vertrauen bei dieser Partnerschaft auf die langj\u00e4hrige Erfahrung einer Unternehmensgruppe, die in der gemeinsamen Heimat der beiden Unternehmen tief verwurzelt ist. Vor diesem Hintergrund sieht es die Biosphere-Vertriebs-GmbH als eine solidarische Selbstverst\u00e4ndlichkeit an, die Kelterei ELM in der schwierigen Zeit ihrer wirtschaftlichen Neuorientierung zu unterst\u00fctzen\u201c, erkl\u00e4rt J\u00fcrgen H. Krenzer, als Vorsitzender der in der RAI organisierten heimischen Apfelbauern.<\/p>\n<p><a href=\"http:\/\/www.fuldaer-nachrichten.de\/wp-content\/uploads\/2014\/09\/Die-Rh\u00f6ner-Apfelb\u00e4ume-versprechen-fl\u00e4chendeckend-einen-guten-bis-sehr-guten-Ertrag-so-Diplom-Oecotrophologin-Maike-Pfannm\u00fcller..jpg\"><img decoding=\"async\" class=\"alignleft size-thumbnail wp-image-129885\" src=\"http:\/\/www.fuldaer-nachrichten.de\/wp-content\/uploads\/2014\/09\/Die-Rh\u00f6ner-Apfelb\u00e4ume-versprechen-fl\u00e4chendeckend-einen-guten-bis-sehr-guten-Ertrag-so-Diplom-Oecotrophologin-Maike-Pfannm\u00fcller.-265x176.jpg\" alt=\"Die Rh\u00f6ner Apfelb\u00e4ume versprechen fl\u00e4chendeckend einen guten bis sehr guten Ertrag, so Diplom-Oecotrophologin Maike Pfannm\u00fcller.\" width=\"265\" height=\"176\" \/><\/a>\u00dcber die Konditionen \u2013 die sich an Vorjahreswerten orientieren \u2013 wurden alle Apfellieferanten dieser Tage bereits schriftlich unterrichtet. \u201eWir freuen uns sehr, dass mit diesen Ma\u00dfnahmen das Rh\u00f6ner Lohnmosttauschsystem aufrecht erhalten werden kann\u201c, f\u00fchrt Krenzer aus. Er rechnet nach dem milden Winter und im Jahresverlauf nahezu optimalen Bedingungen mit einer guten bis sehr guten Apfelernte: \u201eZu hei\u00df im Sommer, zu kalt in der Bl\u00fctezeit, teilweise regionale Totalausf\u00e4lle \u2013 das Wetter hat uns in den letzten Jahren an irgendeiner Stelle immer einen Strich durch die Rechnung gemacht. Auf die Rekordernte im Jahr 2008 folgten f\u00fcnf unterdurchschnittliche bis ganz schlechte Apfelernten in Folge. In diesem Jahr h\u00e4ngen die B\u00e4ume erstmals wieder fl\u00e4chendeckend voll \u2013 von Ausf\u00e4llen bei einzelnen Apfelsorten abgesehen\u201c, so Krenzer.<\/p>\n<p><a href=\"http:\/\/www.fuldaer-nachrichten.de\/wp-content\/uploads\/2014\/09\/Rund-3-Wochen-fr\u00fcher-als-normal-treffen-die-ersten-\u00c4pfel-in-der-Kelterei-ELM-ein....jpg\"><img loading=\"lazy\" decoding=\"async\" class=\"alignleft size-thumbnail wp-image-129886\" src=\"http:\/\/www.fuldaer-nachrichten.de\/wp-content\/uploads\/2014\/09\/Rund-3-Wochen-fr\u00fcher-als-normal-treffen-die-ersten-\u00c4pfel-in-der-Kelterei-ELM-ein...-265x397.jpg\" alt=\"Rund 3 Wochen fr\u00fcher als normal treffen die ersten \u00c4pfel in der Kelterei ELM ein...\" width=\"265\" height=\"397\" \/><\/a>Wetterbedingt sei das Obst rund zwei bis drei Wochen fr\u00fcher reif als normal: Die Haupterntesaison starte damit nun bereits in diesen Tagen, statt erst Anfang oder Mitte Oktober \u2013 der Qualit\u00e4t tue das aber keinen Abbruch. \u201eEs ist unser Ziel, so viele Bio-\u00c4pfel anzunehmen, wie m\u00f6glich\u201c, sagt schlie\u00dflich auch Maike Pfannm\u00fcller, die als Leiterin des Qualit\u00e4tsmanagements der Kelterei ELM die Organisation der Apfelannahmestellen koordiniert. Selbstverst\u00e4ndlich werde aber auch weiterhin parallel dazu konventionelles Obst ohne Bio-Zertifizierung angenommen. Um die Wertsch\u00f6pfung der heimischen Apfelernte in der Region zu halten, setzt man bei der RAI weiterhin auf ein Gutscheinsystem, das an den Annahmestellen wiederum eingetauscht werden kann. \u201eEs hat sich in den vergangenen Jahren bew\u00e4hrt, \u00fcber Gutscheine den Gegenwert der Rh\u00f6ner \u00c4pfel im regionalen System zu halten\u201c, schlie\u00dft Krenzer ab.<\/p>\n<p>&nbsp;<\/p>\n","protected":false},"excerpt":{"rendered":"<div class=\"tmnf_excerpt\"><p>Rh\u00f6n. Die Rh\u00f6ner Apfelinitiative (RAI) erwartet nach mehreren Jahren der \u201eApfelkrise\u201c in diesem Jahr erstmals nach 2008 wieder eine gute bis sehr gute Apfelernte. Der Lohnmosttausch sowie der Apfelaufkauf an allen Apfelannahmestellen der RAI werden in diesem Jahr von einer Tochterfirma der Rh\u00f6n-Sprudel-Gruppe \u00fcbernommen.<\/p>\n<\/div>","protected":false},"author":1,"featured_media":0,"comment_status":"closed","ping_status":"closed","sticky":false,"template":"","format":"standard","meta":{"footnotes":""},"categories":[1,37,78],"tags":[],"class_list":["post-129882","post","type-post","status-publish","format-standard","hentry","category-startseite","category-essen-und-trinken","category-topthema"],"_links":{"self":[{"href":"https:\/\/www.fuldaernachrichten.de\/index.php?rest_route=\/wp\/v2\/posts\/129882","targetHints":{"allow":["GET"]}}],"collection":[{"href":"https:\/\/www.fuldaernachrichten.de\/index.php?rest_route=\/wp\/v2\/posts"}],"about":[{"href":"https:\/\/www.fuldaernachrichten.de\/index.php?rest_route=\/wp\/v2\/types\/post"}],"author":[{"embeddable":true,"href":"https:\/\/www.fuldaernachrichten.de\/index.php?rest_route=\/wp\/v2\/users\/1"}],"replies":[{"embeddable":true,"href":"https:\/\/www.fuldaernachrichten.de\/index.php?rest_route=%2Fwp%2Fv2%2Fcomments&post=129882"}],"version-history":[{"count":1,"href":"https:\/\/www.fuldaernachrichten.de\/index.php?rest_route=\/wp\/v2\/posts\/129882\/revisions"}],"predecessor-version":[{"id":129890,"href":"https:\/\/www.fuldaernachrichten.de\/index.php?rest_route=\/wp\/v2\/posts\/129882\/revisions\/129890"}],"wp:attachment":[{"href":"https:\/\/www.fuldaernachrichten.de\/index.php?rest_route=%2Fwp%2Fv2%2Fmedia&parent=129882"}],"wp:term":[{"taxonomy":"category","embeddable":true,"href":"https:\/\/www.fuldaernachrichten.de\/index.php?rest_route=%2Fwp%2Fv2%2Fcategories&post=129882"},{"taxonomy":"post_tag","embeddable":true,"href":"https:\/\/www.fuldaernachrichten.de\/index.php?rest_route=%2Fwp%2Fv2%2Ftags&post=129882"}],"curies":[{"name":"wp","href":"https:\/\/api.w.org\/{rel}","templated":true}]}}