{"id":129879,"date":"2014-09-27T07:13:40","date_gmt":"2014-09-27T07:13:40","guid":{"rendered":"http:\/\/www.fuldaer-nachrichten.de\/?p=129879"},"modified":"2014-09-27T07:13:40","modified_gmt":"2014-09-27T07:13:40","slug":"huenfelder-kammerorchester-sucht-musiker","status":"publish","type":"post","link":"https:\/\/www.fuldaernachrichten.de\/?p=129879","title":{"rendered":"H\u00fcnfelder Kammerorchester sucht Musiker"},"content":{"rendered":"<p><a href=\"http:\/\/www.fuldaer-nachrichten.de\/wp-content\/uploads\/2014\/09\/k29-klein.jpg\"><img decoding=\"async\" class=\"alignleft size-thumbnail wp-image-129880\" src=\"http:\/\/www.fuldaer-nachrichten.de\/wp-content\/uploads\/2014\/09\/k29-klein-265x175.jpg\" alt=\"k29-klein\" width=\"265\" height=\"175\" srcset=\"https:\/\/www.fuldaernachrichten.de\/wp-content\/uploads\/2014\/09\/k29-klein-265x175.jpg 265w, https:\/\/www.fuldaernachrichten.de\/wp-content\/uploads\/2014\/09\/k29-klein.jpg 600w\" sizes=\"(max-width: 265px) 100vw, 265px\" \/><\/a>H\u00fcnfeld. Generationen \u00fcbergreifend musizieren und den Nachwuchs f\u00f6rdern, das sind die Ziele des H\u00fcnfelder Kammerorchesters an der Wigbertschule. Unter der Leitung von Thomas N\u00fcdling, Musikp\u00e4dagoge an der H\u00fcnfelder Wigbertschule, ist das Orchester mit rund 30 Musikern von neun bis siebzig Jahren mit einem breiten gespannten musikalischen Spektrum besetzt.<!--more--><\/p>\n<p>Das Repertoire des Orchesters umfasst Werke von Bach bis Rossini, aber auch zeitgen\u00f6ssische Filmmusik und Evergreens werden aufgef\u00fchrt. Das H\u00fcnfelder Kammerorchesters m\u00f6chte ebenfalls musikalische Heimat f\u00fcr engagierte Laienmusiker aus der Region sein, die Spa\u00df am gemeinsamen Musizieren haben. Deshalb sind alle interessierten Streicher herzlich eingeladen, im H\u00fcnfelder Kammerorchester mitzuwirken.<\/p>\n<p>Proben finden jeden Donnerstag, um <strong>18.45 Uhr <\/strong>im gro\u00dfen Musikraum der Wigbertschule in H\u00fcnfeld statt. Kontakt finden Interessenten \u00fcber den Vorsitzenden Harald Halsch, Tel 06652\/71170, e-mail: huenfelder-kammerorchester@t-online.de, oder den musikalischen Leiter Thomas N\u00fcdling, Tel. 06652\/2033, e-mail: thomas.nuedling@web.de.<\/p>\n","protected":false},"excerpt":{"rendered":"<div class=\"tmnf_excerpt\"><p>H\u00fcnfeld. Generationen \u00fcbergreifend musizieren und den Nachwuchs f\u00f6rdern, das sind die Ziele des H\u00fcnfelder Kammerorchesters an der Wigbertschule. Unter der Leitung von Thomas N\u00fcdling, Musikp\u00e4dagoge an der H\u00fcnfelder Wigbertschule, ist das Orchester mit rund 30 Musikern von neun bis siebzig Jahren mit einem breiten gespannten musikalischen Spektrum besetzt.<\/p>\n<\/div>","protected":false},"author":1,"featured_media":0,"comment_status":"closed","ping_status":"closed","sticky":false,"template":"","format":"standard","meta":{"footnotes":""},"categories":[1,44],"tags":[],"class_list":["post-129879","post","type-post","status-publish","format-standard","hentry","category-startseite","category-kultur"],"_links":{"self":[{"href":"https:\/\/www.fuldaernachrichten.de\/index.php?rest_route=\/wp\/v2\/posts\/129879","targetHints":{"allow":["GET"]}}],"collection":[{"href":"https:\/\/www.fuldaernachrichten.de\/index.php?rest_route=\/wp\/v2\/posts"}],"about":[{"href":"https:\/\/www.fuldaernachrichten.de\/index.php?rest_route=\/wp\/v2\/types\/post"}],"author":[{"embeddable":true,"href":"https:\/\/www.fuldaernachrichten.de\/index.php?rest_route=\/wp\/v2\/users\/1"}],"replies":[{"embeddable":true,"href":"https:\/\/www.fuldaernachrichten.de\/index.php?rest_route=%2Fwp%2Fv2%2Fcomments&post=129879"}],"version-history":[{"count":1,"href":"https:\/\/www.fuldaernachrichten.de\/index.php?rest_route=\/wp\/v2\/posts\/129879\/revisions"}],"predecessor-version":[{"id":129881,"href":"https:\/\/www.fuldaernachrichten.de\/index.php?rest_route=\/wp\/v2\/posts\/129879\/revisions\/129881"}],"wp:attachment":[{"href":"https:\/\/www.fuldaernachrichten.de\/index.php?rest_route=%2Fwp%2Fv2%2Fmedia&parent=129879"}],"wp:term":[{"taxonomy":"category","embeddable":true,"href":"https:\/\/www.fuldaernachrichten.de\/index.php?rest_route=%2Fwp%2Fv2%2Fcategories&post=129879"},{"taxonomy":"post_tag","embeddable":true,"href":"https:\/\/www.fuldaernachrichten.de\/index.php?rest_route=%2Fwp%2Fv2%2Ftags&post=129879"}],"curies":[{"name":"wp","href":"https:\/\/api.w.org\/{rel}","templated":true}]}}