{"id":129875,"date":"2014-09-27T07:11:56","date_gmt":"2014-09-27T07:11:56","guid":{"rendered":"http:\/\/www.fuldaer-nachrichten.de\/?p=129875"},"modified":"2014-09-27T07:11:56","modified_gmt":"2014-09-27T07:11:56","slug":"leben-wie-im-hotel-wohnstift-eroeffnet-eigenes-schwimmbad-neu","status":"publish","type":"post","link":"https:\/\/www.fuldaernachrichten.de\/?p=129875","title":{"rendered":"Leben wie im Hotel: Wohnstift er\u00f6ffnet eigenes Schwimmbad neu"},"content":{"rendered":"<p><a href=\"http:\/\/www.fuldaer-nachrichten.de\/wp-content\/uploads\/2014\/09\/DSC_3064.jpg\"><img decoding=\"async\" class=\"alignleft size-thumbnail wp-image-129876\" src=\"http:\/\/www.fuldaer-nachrichten.de\/wp-content\/uploads\/2014\/09\/DSC_3064-265x175.jpg\" alt=\"DSC_3064\" width=\"265\" height=\"175\" srcset=\"https:\/\/www.fuldaernachrichten.de\/wp-content\/uploads\/2014\/09\/DSC_3064-265x175.jpg 265w, https:\/\/www.fuldaernachrichten.de\/wp-content\/uploads\/2014\/09\/DSC_3064.jpg 600w\" sizes=\"(max-width: 265px) 100vw, 265px\" \/><\/a> Fulda. Das Mediana Wohnstift ist von Beginn an seinem eigenen Namen verpflichtet: Hier wird tagt\u00e4glich das Wort \u201eWohnen\u201c mit Leben erf\u00fcllt. Die Stiftsdamen und -herren leben nicht nur in erstklassigen Apartements mit ansprechendem Komfort, sondern genie\u00dfen auch die Vielfalt der Gemeinschaftseinrichtungen. Dazu geh\u00f6rt auch das hauseigene Schwimmbad, das nun nach \u00c2\u00a04 monatiger, sehr aufwendiger Renovierung neu er\u00f6ffnet werden konnte. Das Schwimmen im k\u00fchlen Nass ist nun wieder t\u00e4glich von 8 bis 18 Uhr, f\u00fcr Bewohner und Mitarbeiter kostenfrei und nur wenige Schritte von der eigenen Wohnung entfernt m\u00f6glich.<!--more--><\/p>\n<p>\u201eViele unserer Stiftsdamen und -herren haben sich sehr auf den Moment gefreut, wenn sie endlich wieder ins Becken k\u00f6nnen\u201c, sagt Stiftsleiterin Michaela Heller. Dabei trifft das gefl\u00fcgelte Wort vom \u201ek\u00fchlen Nass\u201c nur im \u00fcbertragenen Sinne zu: Das Wasser im Becken ist permanent auf eine Temperatur zwischen 30 und 31,5 Grad Celsius geheizt. Und nach der umfassenden Renovierung ist die Technik hinter den Kulissen des wohnstifteigenen Schwimmbads auf dem allerneuesten Stand.<\/p>\n<p><a href=\"http:\/\/www.fuldaer-nachrichten.de\/wp-content\/uploads\/2014\/09\/DSC_3501.jpg\"><img decoding=\"async\" class=\"alignleft size-thumbnail wp-image-129877\" src=\"http:\/\/www.fuldaer-nachrichten.de\/wp-content\/uploads\/2014\/09\/DSC_3501-265x175.jpg\" alt=\"DSC_3501\" width=\"265\" height=\"175\" srcset=\"https:\/\/www.fuldaernachrichten.de\/wp-content\/uploads\/2014\/09\/DSC_3501-265x175.jpg 265w, https:\/\/www.fuldaernachrichten.de\/wp-content\/uploads\/2014\/09\/DSC_3501.jpg 600w\" sizes=\"(max-width: 265px) 100vw, 265px\" \/><\/a>\u201eDas Wasser wird nun nicht mehr gechlort sondern gesalzt und auf diese Weise gereinigt\u201c, erkl\u00e4rt Mediana\/Seniana-Gesch\u00e4ftsf\u00fchrer Hans-Karl Diederich. Die alte Filteranlage war in die Jahre gekommen und um auch f\u00fcr die kommenden Jahre ger\u00fcstet zu sein, hat man sich gleich f\u00fcr eines der modernsten Wasserreinigungsverfahren entschieden. Das Wasser kommt nun v\u00f6llig ohne Chlorzugabe aus. Aber obwohl es mit Salz versetzt wird, hat es nichts mit Meerwasser zu tun. Die Salzkonzentration ist so gering, dass sie keine negativen Auswirkungen hat, sollte einem Badegast zum Beispiel einmal Wasser in die Augen spritzen.<\/p>\n<p>Das und die Tatsache, dass man im Untergeschoss des Wohnstifts gro\u00dfen Wert auf Privatsph\u00e4re legt, wissen nicht nur Schwimmer aus dem Wohnstift oder Mitarbeiter, die das Becken ebenfalls nutzen k\u00f6nnen, zu sch\u00e4tzen. Auch G\u00e4ste von au\u00dferhalb k\u00f6nnen die gepflegt Anlage nutzen. So kommt zum Beispiel regelm\u00e4\u00dfig eine Gruppe frisch gebackener M\u00fctter mit ihrem Nachwuchs zum ersten Wasserkontakt mit den J\u00fcngsten ins Wohnstift: \u201eDer Besuch der M\u00fctter und ihren Babys freut unsere Bewohner immer sehr \u2013 bringen sie doch jedes Mal neues Leben ins Haus\u201c, schildert Stiftsleiterin Michaela Heller.<\/p>\n<p>Ebenfalls beliebt ist das Hausschwimmbad, dessen Becken mit 1,30 Meter Tiefe auch f\u00fcr unge\u00fcbte Schwimmer sicher ist und \u00fcber eine breite, komfortable Treppe verf\u00fcgt, bei Wassergymnastikgruppen. Bewohner nutzen es immer freitags von 8.00 Uhr zu Fitness\u00fcbungen in der Schwerelosigkeit. \u201eAuch Kunden der Unternehmensgruppe, die nicht im Wohnstift leben, k\u00f6nnen das Angebot mit dem Kauf einer Zehnerkarte nutzen\u201c, l\u00e4dt Michaela Heller Schwimmbegeisterte ein. Sie m\u00fcssen sich nur zuvor im Wohnstift erkundigen, ob das Becken frei ist.<\/p>\n<p>Bewohnern wie Mitarbeitern k\u00f6nnen zudem eine weitere Einrichtung im Untergeschoss des Hauses nutzen: die Infrarotkabine. Sie sorgt f\u00fcr eine rundum wohlige W\u00e4rme und Wohlbefinden im K\u00f6rper \u2013 und macht gemeinsam mit dem Schwimmbad das Wohnstift zu einer Art kleinen Wellnessoase.<\/p>\n<p>Auf einen Blick:<\/p>\n<p>Wassertiefe: 1,30 Meter durchgehend<\/p>\n<p>Wassertemperatur: 30-31,5 Grad Celsius<\/p>\n<p>Komfortable, breite Treppe ins Wasser<\/p>\n<p>Infrarotkabine<\/p>\n","protected":false},"excerpt":{"rendered":"<div class=\"tmnf_excerpt\"><p>Fulda. Das Mediana Wohnstift ist von Beginn an seinem eigenen Namen verpflichtet: Hier wird tagt\u00e4glich das Wort \u201eWohnen\u201c mit Leben erf\u00fcllt. Die Stiftsdamen und -herren leben nicht nur in erstklassigen Apartements mit ansprechendem Komfort, sondern genie\u00dfen auch die Vielfalt der Gemeinschaftseinrichtungen. Dazu geh\u00f6rt auch das hauseigene Schwimmbad, das nun nach \u00c2\u00a04 monatiger, sehr aufwendiger Renovierung &hellip;<\/p>\n<\/div>","protected":false},"author":1,"featured_media":0,"comment_status":"closed","ping_status":"closed","sticky":false,"template":"","format":"standard","meta":{"footnotes":""},"categories":[1,44],"tags":[],"class_list":["post-129875","post","type-post","status-publish","format-standard","hentry","category-startseite","category-kultur"],"_links":{"self":[{"href":"https:\/\/www.fuldaernachrichten.de\/index.php?rest_route=\/wp\/v2\/posts\/129875","targetHints":{"allow":["GET"]}}],"collection":[{"href":"https:\/\/www.fuldaernachrichten.de\/index.php?rest_route=\/wp\/v2\/posts"}],"about":[{"href":"https:\/\/www.fuldaernachrichten.de\/index.php?rest_route=\/wp\/v2\/types\/post"}],"author":[{"embeddable":true,"href":"https:\/\/www.fuldaernachrichten.de\/index.php?rest_route=\/wp\/v2\/users\/1"}],"replies":[{"embeddable":true,"href":"https:\/\/www.fuldaernachrichten.de\/index.php?rest_route=%2Fwp%2Fv2%2Fcomments&post=129875"}],"version-history":[{"count":1,"href":"https:\/\/www.fuldaernachrichten.de\/index.php?rest_route=\/wp\/v2\/posts\/129875\/revisions"}],"predecessor-version":[{"id":129878,"href":"https:\/\/www.fuldaernachrichten.de\/index.php?rest_route=\/wp\/v2\/posts\/129875\/revisions\/129878"}],"wp:attachment":[{"href":"https:\/\/www.fuldaernachrichten.de\/index.php?rest_route=%2Fwp%2Fv2%2Fmedia&parent=129875"}],"wp:term":[{"taxonomy":"category","embeddable":true,"href":"https:\/\/www.fuldaernachrichten.de\/index.php?rest_route=%2Fwp%2Fv2%2Fcategories&post=129875"},{"taxonomy":"post_tag","embeddable":true,"href":"https:\/\/www.fuldaernachrichten.de\/index.php?rest_route=%2Fwp%2Fv2%2Ftags&post=129875"}],"curies":[{"name":"wp","href":"https:\/\/api.w.org\/{rel}","templated":true}]}}