{"id":129866,"date":"2014-09-26T00:08:11","date_gmt":"2014-09-26T00:08:11","guid":{"rendered":"http:\/\/www.fuldaer-nachrichten.de\/?p=129866"},"modified":"2014-09-25T16:30:53","modified_gmt":"2014-09-25T16:30:53","slug":"studium-undoder-ausbildung-olov-akteure-starten-pilotprojekt-zur-berufsorientierung-an-der-winfriedschule","status":"publish","type":"post","link":"https:\/\/www.fuldaernachrichten.de\/?p=129866","title":{"rendered":"Studium und\/oder Ausbildung? OloV-Akteure starten Pilotprojekt zur Berufsorientierung an der Winfriedschule"},"content":{"rendered":"<div id=\"attachment_129867\" style=\"width: 570px\" class=\"wp-caption alignleft\"><a href=\"http:\/\/www.fuldaer-nachrichten.de\/wp-content\/uploads\/2014\/09\/140925_OloV_1.jpg\"><img fetchpriority=\"high\" decoding=\"async\" aria-describedby=\"caption-attachment-129867\" class=\"size-full wp-image-129867\" src=\"http:\/\/www.fuldaer-nachrichten.de\/wp-content\/uploads\/2014\/09\/140925_OloV_1.jpg\" alt=\"OloV-Akteure beim Start des Pilotprojekts in der Winfriedschule: v.li. Christiane Herchenhein, Ulrich Nesemann, Bernd Woide, Mathias Dickhut, Dr. Herbert B\u00fcttner, Andreas Stengel, Armin Gerbeth und Christoph Burkhard \" width=\"560\" height=\"320\" \/><\/a><p id=\"caption-attachment-129867\" class=\"wp-caption-text\">OloV-Akteure beim Start des Pilotprojekts in der Winfriedschule: v.li. Christiane Herchenhein, Ulrich Nesemann, Bernd Woide, Mathias Dickhut, Dr. Herbert B\u00fcttner, Andreas Stengel, Armin Gerbeth und Christoph Burkhard<\/p><\/div>\n<p>Fulda. Wer Abitur macht, der geht studieren! Oder etwa nicht? Dass es sich auch f\u00fcr Gymnasiasten durchaus lohnen kann, \u00fcber die Option \u201eBerufsausbildung\u201c nachzudenken, war Tenor einer Auftaktveranstaltung zur Studien- und Berufsorientierung, die k\u00fcrzlich in der Winfriedschule stattfand.<\/p>\n<p><strong>Fotos:<\/strong> Marzena Traber<\/p>\n<p><!--more--><\/p>\n<p><a href=\"http:\/\/www.fuldaer-nachrichten.de\/wp-content\/uploads\/2014\/09\/140925_OloV_2.jpg\"><img decoding=\"async\" class=\"alignleft size-thumbnail wp-image-129868\" src=\"http:\/\/www.fuldaer-nachrichten.de\/wp-content\/uploads\/2014\/09\/140925_OloV_2-265x170.jpg\" alt=\"140925_OloV_2\" width=\"265\" height=\"170\" srcset=\"https:\/\/www.fuldaernachrichten.de\/wp-content\/uploads\/2014\/09\/140925_OloV_2-265x170.jpg 265w, https:\/\/www.fuldaernachrichten.de\/wp-content\/uploads\/2014\/09\/140925_OloV_2.jpg 600w\" sizes=\"(max-width: 265px) 100vw, 265px\" \/><\/a>Die Schule, die sich in der Tr\u00e4gerschaft des Landkreises befindet, fungiert als Pilotgymnasium f\u00fcr OloV. Die vier Buchstaben stehen f\u00fcr Optimierung der lokalen Vermittlungsarbeit im \u00dcbergang Schule-Beruf. Die OloV-Strategie ist Bestandteil des hessischen Ausbildungspaktes, vereint regionale Akteure aus Politik, Wirtschaft sowie Bildung und hilft beim Schaffen und Vermitteln von Ausbildungspl\u00e4tzen.<\/p>\n<p>In den Haupt- und Realschulen von Stadt und Landkreis geh\u00f6rt OloV seit Jahren zum Berufsorientierungsprozess. Die Idee, nun auch Abiturienten gezielt \u00fcber Berufsausbildungsm\u00f6glichkeiten zu informieren, entstand im Rahmen der Ausbildungsmarktkonferenz.<\/p>\n<p><a href=\"http:\/\/www.fuldaer-nachrichten.de\/wp-content\/uploads\/2014\/09\/140925_OloV_6.jpg\"><img decoding=\"async\" class=\"alignleft size-thumbnail wp-image-129872\" src=\"http:\/\/www.fuldaer-nachrichten.de\/wp-content\/uploads\/2014\/09\/140925_OloV_6-265x175.jpg\" alt=\"140925_OloV_6\" width=\"265\" height=\"175\" srcset=\"https:\/\/www.fuldaernachrichten.de\/wp-content\/uploads\/2014\/09\/140925_OloV_6-265x175.jpg 265w, https:\/\/www.fuldaernachrichten.de\/wp-content\/uploads\/2014\/09\/140925_OloV_6.jpg 600w\" sizes=\"(max-width: 265px) 100vw, 265px\" \/><\/a>\u201eWir wollten aber kein theoretisches Konzept entwickeln, sondern einfach testen, wie sich diese Idee in der Praxis umsetzen l\u00e4sst und wie sie bei den Jugendlichen ankommt\u201c, erkl\u00e4rte Landrat Bernd Woide, der bei der Auftaktveranstaltung vor rund 100 Sch\u00fclerinnen und Sch\u00fclern der Jahrgangsstufe 10 nicht nur \u00fcber die neue Veranstaltungsreihe informierte, sondern auch von den eigenen Karrierestationen erz\u00e4hlte.<\/p>\n<p>Ziel sei es, den Fokus zu erweitern; keinesfalls den Sch\u00fclerinnen und Sch\u00fclern das Studium auszureden. \u201eVielleicht ist es ja f\u00fcr den einen oder anderen interessant, vor dem Studium eine Berufsausbildung zu absolvieren oder Ausbildung und Studium miteinander zu kombinieren\u201c, so der Landrat. Ulrich Nesenmann, OloV-Koordinator, erg\u00e4nzte: \u201eWir wollen den Entscheidungsprozess unterst\u00fctzen, Sch\u00fcler und Eltern sensibilisieren und ganz gezielt darauf aufmerksam machen, welche M\u00f6glichkeiten es bei uns in der Region gibt.\u201c<\/p>\n<p><a href=\"http:\/\/www.fuldaer-nachrichten.de\/wp-content\/uploads\/2014\/09\/140925_OloV_6.jpg\"><img decoding=\"async\" class=\"alignleft size-thumbnail wp-image-129872\" src=\"http:\/\/www.fuldaer-nachrichten.de\/wp-content\/uploads\/2014\/09\/140925_OloV_6-265x175.jpg\" alt=\"140925_OloV_6\" width=\"265\" height=\"175\" srcset=\"https:\/\/www.fuldaernachrichten.de\/wp-content\/uploads\/2014\/09\/140925_OloV_6-265x175.jpg 265w, https:\/\/www.fuldaernachrichten.de\/wp-content\/uploads\/2014\/09\/140925_OloV_6.jpg 600w\" sizes=\"(max-width: 265px) 100vw, 265px\" \/><\/a>Bis zum Ende des ersten Halbjahres werden insgesamt zehn Veranstaltungen f\u00fcr die Winfriedsch\u00fcler angeboten. Sowohl die Initiatoren &#8211; zu denen neben Stadt und Landkreis Fulda auch die Kreishandwerkerschaft und die IHK Fulda geh\u00f6ren &#8211; als auch die Gymnasiasten erhoffen sich einen spannenden Dialog mit den Referenten sowie viele interessante Informationen \u00fcber Berufsbilder und Karrierechancen in der Region.<\/p>\n<p>Beim ersten Termin gab Christoph Burkhard vom Standortmarketing Fulda einen \u00dcberblick \u00fcber die Wirtschaftsregion Fulda. Auf der Referentenliste stehen ferner tegut&#8230;Gesch\u00e4ftsf\u00fchrer Thomas Gutberlet, Bernhard Hahner von der Firma Metallbau Hahner, Petra Fr\u00f6hlich-Bittner von der EDAG Engineering AG oder Norbert Jehn von der Schreinerei Jehn. Zudem soll \u00fcber die Studieng\u00e4nge der Hochschule Fulda und \u00fcber Karrierem\u00f6glichkeiten im \u00f6ffentlichen Dienst informiert werden. Weitere Schwerpunktthemen sind \u201eFrauen im Handwerk\u201c und der \u201ePraktikumsknigge\u201c.<\/p>\n<p><a href=\"http:\/\/www.fuldaer-nachrichten.de\/wp-content\/uploads\/2014\/09\/140925_OloV_7.jpg\"><img loading=\"lazy\" decoding=\"async\" class=\"alignleft size-thumbnail wp-image-129873\" src=\"http:\/\/www.fuldaer-nachrichten.de\/wp-content\/uploads\/2014\/09\/140925_OloV_7-265x175.jpg\" alt=\"140925_OloV_7\" width=\"265\" height=\"175\" srcset=\"https:\/\/www.fuldaernachrichten.de\/wp-content\/uploads\/2014\/09\/140925_OloV_7-265x175.jpg 265w, https:\/\/www.fuldaernachrichten.de\/wp-content\/uploads\/2014\/09\/140925_OloV_7.jpg 600w\" sizes=\"(max-width: 265px) 100vw, 265px\" \/><\/a>F\u00fcr das Pilotprojekt wurde in der Winfriedschule sogar die Stundentafel ge\u00e4ndert. \u201eWir haben eine Stunde Berufsorientierung als zus\u00e4tzliche Politik- und Wirtschaftsstunde verankert\u201c, berichtete Schulleiter Mathias Dickhut. Da die regionale Wirtschaftspolitik eines der zu behandelnden Themen sei, decke die Veranstaltungsreihe dies wunderbar ab.<\/p>\n<p>Au\u00dferdem sei ein zweiw\u00f6chiges Betriebspraktikum am Ende des Schuljahres f\u00fcr die Sch\u00fclerinnen und Sch\u00fcler der 10. Jahrgangsstufe vorgesehen. \u201eDurch die Veranstaltungsreihe haben die Jugendlichen nun handfeste Kriterien zur Orientierung und sind nicht nur zufallsgeleitet bei ihrer Entscheidung\u201c, so der Schulleiter.<\/p>\n<p><a href=\"http:\/\/www.fuldaer-nachrichten.de\/wp-content\/uploads\/2014\/09\/140925_OloV_3.jpg\"><img loading=\"lazy\" decoding=\"async\" class=\"alignleft size-thumbnail wp-image-129869\" src=\"http:\/\/www.fuldaer-nachrichten.de\/wp-content\/uploads\/2014\/09\/140925_OloV_3-265x175.jpg\" alt=\"140925_OloV_3\" width=\"265\" height=\"175\" srcset=\"https:\/\/www.fuldaernachrichten.de\/wp-content\/uploads\/2014\/09\/140925_OloV_3-265x175.jpg 265w, https:\/\/www.fuldaernachrichten.de\/wp-content\/uploads\/2014\/09\/140925_OloV_3.jpg 600w\" sizes=\"(max-width: 265px) 100vw, 265px\" \/><\/a>Ob das Projekt h\u00e4lt, was sich die Akteure davon versprechen, soll am Ende des Schuljahres evaluiert werden. \u201eWir hoffen nat\u00fcrlich, dass wir den Nerv der Jugendlichen treffen und dass es auch eine Signalwirkung an die anderen Gymnasien der Region gibt, sich dieser Thematik mehr zu \u00f6ffnen\u201c, so Landrat Bernd Woide abschlie\u00dfend. (Dorit Heydenreich)<\/p>\n","protected":false},"excerpt":{"rendered":"<div class=\"tmnf_excerpt\"><p>Fulda. Wer Abitur macht, der geht studieren! Oder etwa nicht? Dass es sich auch f\u00fcr Gymnasiasten durchaus lohnen kann, \u00fcber die Option \u201eBerufsausbildung\u201c nachzudenken, war Tenor einer Auftaktveranstaltung zur Studien- und Berufsorientierung, die k\u00fcrzlich in der Winfriedschule stattfand. Fotos: Marzena Traber<\/p>\n<\/div>","protected":false},"author":1,"featured_media":0,"comment_status":"closed","ping_status":"closed","sticky":false,"template":"","format":"standard","meta":{"footnotes":""},"categories":[1,53,78],"tags":[],"class_list":["post-129866","post","type-post","status-publish","format-standard","hentry","category-startseite","category-bildung","category-topthema"],"_links":{"self":[{"href":"https:\/\/www.fuldaernachrichten.de\/index.php?rest_route=\/wp\/v2\/posts\/129866","targetHints":{"allow":["GET"]}}],"collection":[{"href":"https:\/\/www.fuldaernachrichten.de\/index.php?rest_route=\/wp\/v2\/posts"}],"about":[{"href":"https:\/\/www.fuldaernachrichten.de\/index.php?rest_route=\/wp\/v2\/types\/post"}],"author":[{"embeddable":true,"href":"https:\/\/www.fuldaernachrichten.de\/index.php?rest_route=\/wp\/v2\/users\/1"}],"replies":[{"embeddable":true,"href":"https:\/\/www.fuldaernachrichten.de\/index.php?rest_route=%2Fwp%2Fv2%2Fcomments&post=129866"}],"version-history":[{"count":1,"href":"https:\/\/www.fuldaernachrichten.de\/index.php?rest_route=\/wp\/v2\/posts\/129866\/revisions"}],"predecessor-version":[{"id":129874,"href":"https:\/\/www.fuldaernachrichten.de\/index.php?rest_route=\/wp\/v2\/posts\/129866\/revisions\/129874"}],"wp:attachment":[{"href":"https:\/\/www.fuldaernachrichten.de\/index.php?rest_route=%2Fwp%2Fv2%2Fmedia&parent=129866"}],"wp:term":[{"taxonomy":"category","embeddable":true,"href":"https:\/\/www.fuldaernachrichten.de\/index.php?rest_route=%2Fwp%2Fv2%2Fcategories&post=129866"},{"taxonomy":"post_tag","embeddable":true,"href":"https:\/\/www.fuldaernachrichten.de\/index.php?rest_route=%2Fwp%2Fv2%2Ftags&post=129866"}],"curies":[{"name":"wp","href":"https:\/\/api.w.org\/{rel}","templated":true}]}}