{"id":129861,"date":"2014-09-26T00:15:22","date_gmt":"2014-09-26T00:15:22","guid":{"rendered":"http:\/\/www.fuldaer-nachrichten.de\/?p=129861"},"modified":"2014-09-25T16:22:02","modified_gmt":"2014-09-25T16:22:02","slug":"5-ganzheitlicher-gesundheitstag-im-seminarhaus-movengo","status":"publish","type":"post","link":"https:\/\/www.fuldaernachrichten.de\/?p=129861","title":{"rendered":"5. Ganzheitlicher Gesundheitstag im Seminarhaus move|n|go"},"content":{"rendered":"<p>Fulda. Unter dem Motto \u201eGesundheit ist erlernbar\u201c fand am vergangenen Samstag zum f\u00fcnften Mal der Ganzheitliche Gesundheitstag von move|n|go statt. Florian Appel, Leiter des Seminarhauses und Dr. Holger Jahn sind sich einig: die famili\u00e4re Atmosph\u00e4re dieser Veranstaltung ist genau das Richtige. Individuelle Beratung und pers\u00f6nliche Gespr\u00e4che entsch\u00e4digten f\u00fcr die oft viel zu langen Wartezeiten auf neue Termine. Gerade deshalb ist es besonders wichtig, dass jeder selbst die Initiative ergreift und sich aktiv f\u00fcr seine Gesundheit einsetzt.<!--more--><\/p>\n<p>Um hier m\u00f6gliche Hemmschwellen zu \u00fcberbr\u00fccken bietet das Seminarhaus seit Neustem Kurse an, die im Rahmen der Pr\u00e4vention von den Krankenkassen bezuschusst werden. Bei regelm\u00e4\u00dfiger Teilnahme k\u00f6nnen so bis zu 80% der Kursgeb\u00fchr erstattet werden. Dies sind beispielsweise TRX-Training, Sensoboard, R\u00fcckentraining, Fit ohne Ger\u00e4te, Koordinationstraining, Pilates, Ausgleichsgymnastik, Seniorengymnastik, Qigong oder Progressive Muskelrelaxation. Unterst\u00fctzt wird das Konzept von den Physiotherapiepraxen M-Physio und move|n|go-REHA, die ebenfalls mit eigenen St\u00e4nden vertreten waren. Ab Ende September wird es, neben medizinischem Ger\u00e4tetraining, in diesem Rahmen auch die M\u00f6glichkeit f\u00fcr Personal-Training geben, angeleitet durch erfahrene Physiotherapeuten.<\/p>\n<p>Zus\u00e4tzlich zu den zahlreichen Vortr\u00e4gen, die im Kolping-B\u00fcrgersaal stattfanden, bot sich die Gelegenheit mit den Rednern im Anschluss pers\u00f6nlich ins Gespr\u00e4ch zu kommen. Besonders bei den Sportangeboten, wie dem Sensoboard oder dem TRX-Band fanden sich viele sportlich Aktive, wie auch Bewegungseinsteiger zum Schnuppertraining ein.<\/p>\n<p>Neben Dr. Holger Jahn war auch seine Frau Sonja Rita Jahn mit einem Stand direkt am Eingang des Seminarhauses vertreten. Hier konnten Interessierte die M\u00f6glichkeit nutzen pers\u00f6nliche Fragen zu kl\u00e4ren und einige Untersuchungen durchf\u00fchren zu lassen.<\/p>\n<p>Insgesamt war auch der f\u00fcnfte ganzheitliche Gesundheitstag ein voller Erfolg. Alle neuen Aussteller haben bereits Ihre Zusage f\u00fcr das n\u00e4chste Jahr gegeben. Dies best\u00e4tigt die angenehme Atmosph\u00e4re und gute Organisation zieht Florian Appel R\u00e9sum\u00e9.<\/p>\n<p>Informationen zum 5. Ganzheitlichen Gesundheitstag und den Kursen finden Sie auf <a href=\"http:\/\/www.movengo.de\">www.movengo.de<\/a><\/p>\n","protected":false},"excerpt":{"rendered":"<div class=\"tmnf_excerpt\"><p>Fulda. Unter dem Motto \u201eGesundheit ist erlernbar\u201c fand am vergangenen Samstag zum f\u00fcnften Mal der Ganzheitliche Gesundheitstag von move|n|go statt. Florian Appel, Leiter des Seminarhauses und Dr. Holger Jahn sind sich einig: die famili\u00e4re Atmosph\u00e4re dieser Veranstaltung ist genau das Richtige. Individuelle Beratung und pers\u00f6nliche Gespr\u00e4che entsch\u00e4digten f\u00fcr die oft viel zu langen Wartezeiten auf &hellip;<\/p>\n<\/div>","protected":false},"author":1,"featured_media":0,"comment_status":"closed","ping_status":"closed","sticky":false,"template":"","format":"standard","meta":{"footnotes":""},"categories":[1,51],"tags":[],"class_list":["post-129861","post","type-post","status-publish","format-standard","hentry","category-startseite","category-medizin"],"_links":{"self":[{"href":"https:\/\/www.fuldaernachrichten.de\/index.php?rest_route=\/wp\/v2\/posts\/129861","targetHints":{"allow":["GET"]}}],"collection":[{"href":"https:\/\/www.fuldaernachrichten.de\/index.php?rest_route=\/wp\/v2\/posts"}],"about":[{"href":"https:\/\/www.fuldaernachrichten.de\/index.php?rest_route=\/wp\/v2\/types\/post"}],"author":[{"embeddable":true,"href":"https:\/\/www.fuldaernachrichten.de\/index.php?rest_route=\/wp\/v2\/users\/1"}],"replies":[{"embeddable":true,"href":"https:\/\/www.fuldaernachrichten.de\/index.php?rest_route=%2Fwp%2Fv2%2Fcomments&post=129861"}],"version-history":[{"count":1,"href":"https:\/\/www.fuldaernachrichten.de\/index.php?rest_route=\/wp\/v2\/posts\/129861\/revisions"}],"predecessor-version":[{"id":129862,"href":"https:\/\/www.fuldaernachrichten.de\/index.php?rest_route=\/wp\/v2\/posts\/129861\/revisions\/129862"}],"wp:attachment":[{"href":"https:\/\/www.fuldaernachrichten.de\/index.php?rest_route=%2Fwp%2Fv2%2Fmedia&parent=129861"}],"wp:term":[{"taxonomy":"category","embeddable":true,"href":"https:\/\/www.fuldaernachrichten.de\/index.php?rest_route=%2Fwp%2Fv2%2Fcategories&post=129861"},{"taxonomy":"post_tag","embeddable":true,"href":"https:\/\/www.fuldaernachrichten.de\/index.php?rest_route=%2Fwp%2Fv2%2Ftags&post=129861"}],"curies":[{"name":"wp","href":"https:\/\/api.w.org\/{rel}","templated":true}]}}