{"id":129838,"date":"2014-09-26T00:12:28","date_gmt":"2014-09-26T00:12:28","guid":{"rendered":"http:\/\/www.fuldaer-nachrichten.de\/?p=129838"},"modified":"2014-09-25T15:54:05","modified_gmt":"2014-09-25T15:54:05","slug":"heute-dioezesanes-friedensgebet-fuer-pakistan","status":"publish","type":"post","link":"https:\/\/www.fuldaernachrichten.de\/?p=129838","title":{"rendered":"Heute: Di\u00f6zesanes Friedensgebet f\u00fcr Pakistan"},"content":{"rendered":"<p>Fulda. F\u00fcr das Wochenende vom 3. bis 5. Oktober wird in Fulda die bundesweite Er\u00f6ffnung des &#8220;Monats der Weltmission&#8221; gemeinsam mit dem Hilfswerk missio vorbereitet.<br \/>\nGleichzeitig erreichen uns t\u00e4glich neue Meldungen \u00fcber Gewalt, Proteste und Konflikte im diesj\u00e4hrigen Partnerland Pakistan.<!--more--><\/p>\n<p>Daher ruft der Generalvikar des Bistums Fulda, Prof. Dr. Gerhard Stanke, zu einem Friedensgebet f\u00fcr Pakistan am heutigen Freitag, 26. September, auf. Das Gebet soll an m\u00f6glichst vielen Orten (z. B. Gemeinden, Schulen, Altenheimen, Kinderg\u00e4rten, Verb\u00e4nden, Familien) am Freitag, 26. September, um 12 Uhr stattfinden. Mit dieser Unterbrechung im Alltag von zehn bis 15 Minuten soll ein kleines Zeichen der Solidarit\u00e4t mit den Menschen in Pakistan, insbesondere auch den Christen dort, gesetzt werden.<\/p>\n<p>In Fulda werden die Gebete um 12.00 Uhr unter anderem in der Stadtpfarrkirche, in der Kapelle des Mutterhauses der Barmherzigen Schwestern, Kanalstra\u00dfe 22 und im Bisch\u00f6flichen Generalvikariat, Liobastr. 2 stattfinden.<\/p>\n<p><strong>Kurzinfo:<\/strong><br \/>\nIn Pakistan leiden Hunderttausende unter den Folgen der schlimmsten Flutkatastrophe seit Jahrzehnten. \u00dcber 600 Menschen im Grenzgebiet zwischen Indien und Pakistan sind bereits umgekommen und Millionen sind auf der Flucht vor den Wassermassen. Der Pegel sinkt nur langsam und au\u00dferdem gibt es infolge des Konfliktes zwischen Armee und Taliban aktuell mehr als eine Million Binnenvertriebene aus dem Nordwesten des Landes. Und die Bedrohung durch den IS in Pakistan w\u00e4chst weiter: Laut dem Presseorgan der p\u00e4pstlichen Missionswerke &#8220;agenzia fides&#8221; verteilten Anh\u00e4nger der Dschihadisten des Islamischen Staats (IS) in den vergangenen Tagen in Peshawar und in den an Afghanistan grenzenden pakistanischen Provinzen Flugbl\u00e4tter, auf denen sie um Rekruten werben und an die Bev\u00f6lkerung mit der Aufforderung appellieren, das Entstehen eines islamischen Kalifats zu unterst\u00fctzen. Insbesondere f\u00fcr junge Christen und Organisationen, die in Pakistan f\u00fcr Menschen eintreten, ist diese Initiative Anlass zur Sorge. Sie fordern von der Regierung ein Verbot f\u00fcr die Propaganda des IS.<\/p>\n","protected":false},"excerpt":{"rendered":"<div class=\"tmnf_excerpt\"><p>Fulda. F\u00fcr das Wochenende vom 3. bis 5. Oktober wird in Fulda die bundesweite Er\u00f6ffnung des &#8220;Monats der Weltmission&#8221; gemeinsam mit dem Hilfswerk missio vorbereitet. Gleichzeitig erreichen uns t\u00e4glich neue Meldungen \u00fcber Gewalt, Proteste und Konflikte im diesj\u00e4hrigen Partnerland Pakistan.<\/p>\n<\/div>","protected":false},"author":1,"featured_media":0,"comment_status":"closed","ping_status":"closed","sticky":false,"template":"","format":"standard","meta":{"footnotes":""},"categories":[1,50],"tags":[],"class_list":["post-129838","post","type-post","status-publish","format-standard","hentry","category-startseite","category-kirche"],"_links":{"self":[{"href":"https:\/\/www.fuldaernachrichten.de\/index.php?rest_route=\/wp\/v2\/posts\/129838","targetHints":{"allow":["GET"]}}],"collection":[{"href":"https:\/\/www.fuldaernachrichten.de\/index.php?rest_route=\/wp\/v2\/posts"}],"about":[{"href":"https:\/\/www.fuldaernachrichten.de\/index.php?rest_route=\/wp\/v2\/types\/post"}],"author":[{"embeddable":true,"href":"https:\/\/www.fuldaernachrichten.de\/index.php?rest_route=\/wp\/v2\/users\/1"}],"replies":[{"embeddable":true,"href":"https:\/\/www.fuldaernachrichten.de\/index.php?rest_route=%2Fwp%2Fv2%2Fcomments&post=129838"}],"version-history":[{"count":1,"href":"https:\/\/www.fuldaernachrichten.de\/index.php?rest_route=\/wp\/v2\/posts\/129838\/revisions"}],"predecessor-version":[{"id":129839,"href":"https:\/\/www.fuldaernachrichten.de\/index.php?rest_route=\/wp\/v2\/posts\/129838\/revisions\/129839"}],"wp:attachment":[{"href":"https:\/\/www.fuldaernachrichten.de\/index.php?rest_route=%2Fwp%2Fv2%2Fmedia&parent=129838"}],"wp:term":[{"taxonomy":"category","embeddable":true,"href":"https:\/\/www.fuldaernachrichten.de\/index.php?rest_route=%2Fwp%2Fv2%2Fcategories&post=129838"},{"taxonomy":"post_tag","embeddable":true,"href":"https:\/\/www.fuldaernachrichten.de\/index.php?rest_route=%2Fwp%2Fv2%2Ftags&post=129838"}],"curies":[{"name":"wp","href":"https:\/\/api.w.org\/{rel}","templated":true}]}}