{"id":129821,"date":"2014-09-26T00:14:24","date_gmt":"2014-09-26T00:14:24","guid":{"rendered":"http:\/\/www.fuldaer-nachrichten.de\/?p=129821"},"modified":"2014-09-25T15:43:05","modified_gmt":"2014-09-25T15:43:05","slug":"kammermusik-mit-dem-duo-pasculli-im-vonderau-museum","status":"publish","type":"post","link":"https:\/\/www.fuldaernachrichten.de\/?p=129821","title":{"rendered":"Kammermusik mit dem \u201eDuo Pasculli\u201c im Vonderau Museum"},"content":{"rendered":"<p>Fulda. Am Sonntag, 26. Oktober um 18.00h veranstaltet das Kulturamt Fulda in der Kapelle des Vonderau Museums ein Kammerkonzert mit der Petersberger Oboistin Silke Augustinski und ihrer Duo-Partnerin an der Harfe, Anna-Maria Frankenberger. Die in W\u00fcrzburg wohnhaften Diplom-Musikerinnen sind als \u201eDuo Pasculli\u201c seit Januar Stipendiatinnen von Yehudi Menuhin Live Music Now Franken e.V. Unter dem Titel \u201eLieder ohne Worte\u201c spielen sie Werke von Mendelssohn-Bartholdy, Donizetti, Rossini, Ravel, Richard Wagner und anderen. Karten zu diesem Duo-Abend sind im Vorverkauf (\u00e2\u201a\u00ac 10, erm\u00e4\u00dfigt \u00e2\u201a\u00ac 8) in der Gesch\u00e4ftsstelle der Fuldaer Zeitung (Peterstor) erh\u00e4ltlich sowie an der Abendkasse (\u00e2\u201a\u00ac 12, erm\u00e4\u00dfigt \u00e2\u201a\u00ac 10).<\/p>\n","protected":false},"excerpt":{"rendered":"<div class=\"tmnf_excerpt\"><p>Fulda. Am Sonntag, 26. Oktober um 18.00h veranstaltet das Kulturamt Fulda in der Kapelle des Vonderau Museums ein Kammerkonzert mit der Petersberger Oboistin Silke Augustinski und ihrer Duo-Partnerin an der Harfe, Anna-Maria Frankenberger. Die in W\u00fcrzburg wohnhaften Diplom-Musikerinnen sind als \u201eDuo Pasculli\u201c seit Januar Stipendiatinnen von Yehudi Menuhin Live Music Now Franken e.V. Unter dem &hellip;<\/p>\n<\/div>","protected":false},"author":1,"featured_media":0,"comment_status":"closed","ping_status":"closed","sticky":false,"template":"","format":"standard","meta":{"footnotes":""},"categories":[1,44],"tags":[],"class_list":["post-129821","post","type-post","status-publish","format-standard","hentry","category-startseite","category-kultur"],"_links":{"self":[{"href":"https:\/\/www.fuldaernachrichten.de\/index.php?rest_route=\/wp\/v2\/posts\/129821","targetHints":{"allow":["GET"]}}],"collection":[{"href":"https:\/\/www.fuldaernachrichten.de\/index.php?rest_route=\/wp\/v2\/posts"}],"about":[{"href":"https:\/\/www.fuldaernachrichten.de\/index.php?rest_route=\/wp\/v2\/types\/post"}],"author":[{"embeddable":true,"href":"https:\/\/www.fuldaernachrichten.de\/index.php?rest_route=\/wp\/v2\/users\/1"}],"replies":[{"embeddable":true,"href":"https:\/\/www.fuldaernachrichten.de\/index.php?rest_route=%2Fwp%2Fv2%2Fcomments&post=129821"}],"version-history":[{"count":1,"href":"https:\/\/www.fuldaernachrichten.de\/index.php?rest_route=\/wp\/v2\/posts\/129821\/revisions"}],"predecessor-version":[{"id":129822,"href":"https:\/\/www.fuldaernachrichten.de\/index.php?rest_route=\/wp\/v2\/posts\/129821\/revisions\/129822"}],"wp:attachment":[{"href":"https:\/\/www.fuldaernachrichten.de\/index.php?rest_route=%2Fwp%2Fv2%2Fmedia&parent=129821"}],"wp:term":[{"taxonomy":"category","embeddable":true,"href":"https:\/\/www.fuldaernachrichten.de\/index.php?rest_route=%2Fwp%2Fv2%2Fcategories&post=129821"},{"taxonomy":"post_tag","embeddable":true,"href":"https:\/\/www.fuldaernachrichten.de\/index.php?rest_route=%2Fwp%2Fv2%2Ftags&post=129821"}],"curies":[{"name":"wp","href":"https:\/\/api.w.org\/{rel}","templated":true}]}}