{"id":129819,"date":"2014-09-26T00:12:13","date_gmt":"2014-09-26T00:12:13","guid":{"rendered":"http:\/\/www.fuldaer-nachrichten.de\/?p=129819"},"modified":"2014-09-25T15:42:14","modified_gmt":"2014-09-25T15:42:14","slug":"fit-fuer-erziehung","status":"publish","type":"post","link":"https:\/\/www.fuldaernachrichten.de\/?p=129819","title":{"rendered":"Fit f\u00fcr Erziehung"},"content":{"rendered":"<p>Fulda. Triple P gibt Eltern Anregungen, wie sie eine positive Beziehung zu ihrem Kind aufbauen, seine Entwicklung f\u00f6rdern und besser mit schwierigen Situationen umgehen k\u00f6nnen. Die Erziehungsberatungsstelle bietet f\u00fcr Eltern von Kindern im Alter von 2 bis 12 Jahren ein Triple P-Training an, das am Freitag, 7. November, um 9 Uhr beginnt. Die weiteren Sitzungen finden am 14., 21. und 28. November jeweils freitags von 9 bis 11 Uhr in den R\u00e4umen der Beratungsstelle, Marienstra\u00dfe 5, in Fulda statt. Es fallen lediglich Kosten von 20 Euro f\u00fcr ein Arbeitsbuch an. Info und Anmeldung unter Telefon (0661)9015780.<\/p>\n","protected":false},"excerpt":{"rendered":"<div class=\"tmnf_excerpt\"><p>Fulda. Triple P gibt Eltern Anregungen, wie sie eine positive Beziehung zu ihrem Kind aufbauen, seine Entwicklung f\u00f6rdern und besser mit schwierigen Situationen umgehen k\u00f6nnen. Die Erziehungsberatungsstelle bietet f\u00fcr Eltern von Kindern im Alter von 2 bis 12 Jahren ein Triple P-Training an, das am Freitag, 7. November, um 9 Uhr beginnt. Die weiteren Sitzungen &hellip;<\/p>\n<\/div>","protected":false},"author":1,"featured_media":0,"comment_status":"closed","ping_status":"closed","sticky":false,"template":"","format":"standard","meta":{"footnotes":""},"categories":[1,72],"tags":[],"class_list":["post-129819","post","type-post","status-publish","format-standard","hentry","category-startseite","category-jugend"],"_links":{"self":[{"href":"https:\/\/www.fuldaernachrichten.de\/index.php?rest_route=\/wp\/v2\/posts\/129819","targetHints":{"allow":["GET"]}}],"collection":[{"href":"https:\/\/www.fuldaernachrichten.de\/index.php?rest_route=\/wp\/v2\/posts"}],"about":[{"href":"https:\/\/www.fuldaernachrichten.de\/index.php?rest_route=\/wp\/v2\/types\/post"}],"author":[{"embeddable":true,"href":"https:\/\/www.fuldaernachrichten.de\/index.php?rest_route=\/wp\/v2\/users\/1"}],"replies":[{"embeddable":true,"href":"https:\/\/www.fuldaernachrichten.de\/index.php?rest_route=%2Fwp%2Fv2%2Fcomments&post=129819"}],"version-history":[{"count":1,"href":"https:\/\/www.fuldaernachrichten.de\/index.php?rest_route=\/wp\/v2\/posts\/129819\/revisions"}],"predecessor-version":[{"id":129820,"href":"https:\/\/www.fuldaernachrichten.de\/index.php?rest_route=\/wp\/v2\/posts\/129819\/revisions\/129820"}],"wp:attachment":[{"href":"https:\/\/www.fuldaernachrichten.de\/index.php?rest_route=%2Fwp%2Fv2%2Fmedia&parent=129819"}],"wp:term":[{"taxonomy":"category","embeddable":true,"href":"https:\/\/www.fuldaernachrichten.de\/index.php?rest_route=%2Fwp%2Fv2%2Fcategories&post=129819"},{"taxonomy":"post_tag","embeddable":true,"href":"https:\/\/www.fuldaernachrichten.de\/index.php?rest_route=%2Fwp%2Fv2%2Ftags&post=129819"}],"curies":[{"name":"wp","href":"https:\/\/api.w.org\/{rel}","templated":true}]}}