{"id":129781,"date":"2014-09-25T06:40:47","date_gmt":"2014-09-25T06:40:47","guid":{"rendered":"http:\/\/www.fuldaer-nachrichten.de\/?p=129781"},"modified":"2014-09-25T06:40:47","modified_gmt":"2014-09-25T06:40:47","slug":"rhoen-setzt-auf-austausch-mit-dem-lungau","status":"publish","type":"post","link":"https:\/\/www.fuldaernachrichten.de\/?p=129781","title":{"rendered":"Rh\u00f6n setzt auf Austausch mit dem Lungau"},"content":{"rendered":"<p>Rh\u00f6n. Im Rahmen einer viert\u00e4gigen Fachexkursion besuchten Vertreter des Biosph\u00e4renreservates, des Vereins Natur- und Lebensraum Rh\u00f6n und des Vereins Rh\u00f6ner Durchblick die idyllischen Alpent\u00e4ler des Lungau.<!--more--><\/p>\n<p>Gleich hinter dem Tauerntunnel liegt in \u00f6stlicher Richtung auf etwa 1000-2500 H\u00f6henmeter der Lungau, der noch zum Salzburger Land z\u00e4hlt. 2012 wurde das Gebiet, in dem etwa 20.000 Menschen leben, als Biosph\u00e4renreservat von der UNESCO anerkannt. Beim Aufbau des Biosph\u00e4renreservates leistete die Rh\u00f6n im vergangenen Jahrzehnt beratende Unterst\u00fctzung. Nun bereisten 23 Vertreter der Bayrischen und Hessischen Rh\u00f6n den Lungau, um sich \u00fcber Projekte zu informieren und den begonnenen Austausch fortzuf\u00fchren.<\/p>\n<p>\u00dcberaus beachtlich war der Besuch der breit aufgestellten Landwirtschaftsschule in Tamsweg, in der junge Menschen nicht nur Landwirtschaft, sondern auch die Grundz\u00fcge von Direktvermarktung, Forstwirtschaft, Schreinerei und Schlosserei erlernen. Selbst das Schlachten von Tieren steht auf dem Ausbildungsplan. Besucht wurden landwirtschaftliche Betriebe, die allesamt eine Vielzahl von unterschiedlichen wirtschaftlichen Standpunkten aufweisen. War es in einem Betrieb die K\u00e4serei, so war es bei einem anderen Bauern die florierende Schnapsbrennerei. Auch viele Gasth\u00f6fe haben als zweites Standbein einen landwirtschaftlichen Betrieb im Hintergrund. Kr\u00e4uteranbau, gepaart mit einer kleinen Schafsmilchk\u00e4serei stand genauso auf dem Besuchsplan, wie ein \u00d6kobetrieb, der sich auf den Anbau von Tauernroggen kombiniert mit einen Ferienwohnungsangebot, spezialisiert hat.<\/p>\n<p>Beachtlich ist, dass \u00fcber 50% der Landwirte im Lungau \u00f6kologisch wirtschaften. Janet Emig und Martin Kremer vom VNLR stimmen \u00fcberein, dass die Exkursion f\u00fcr alle Teilnehmer wichtige Erfahrungen und Impulse brachte. \u201eEs ist schon bemerkenswert, dass in \u00d6sterreich die Entwicklung in den vergangenen Jahrzehnten so ganz anders als in Deutschland verlaufen ist.<\/p>\n<p>W\u00e4hrend hier Landwirte immer mehr zu einer Spezialisierung gedr\u00e4ngt wurden, basiert das Modell der \u00f6sterreichischen Landwirtschaft nach wie vor auf einer wesentlich breiteren wirtschaftlichen Basis mit mehreren Standbeinen, zu denen in der Regel neben der Tierhaltung auch Forstwirtschaft und Fremdenverkehr z\u00e4hlen\u201c .<\/p>\n<p>Aus Sicht von Martin Kremer war die Exkursion ein weiterer wichtiger Schritt f\u00fcr eine langfristige Kooperation zwischen dem Lungau und der Rh\u00f6n.<\/p>\n","protected":false},"excerpt":{"rendered":"<div class=\"tmnf_excerpt\"><p>Rh\u00f6n. Im Rahmen einer viert\u00e4gigen Fachexkursion besuchten Vertreter des Biosph\u00e4renreservates, des Vereins Natur- und Lebensraum Rh\u00f6n und des Vereins Rh\u00f6ner Durchblick die idyllischen Alpent\u00e4ler des Lungau.<\/p>\n<\/div>","protected":false},"author":1,"featured_media":0,"comment_status":"closed","ping_status":"closed","sticky":false,"template":"","format":"standard","meta":{"footnotes":""},"categories":[1,52],"tags":[],"class_list":["post-129781","post","type-post","status-publish","format-standard","hentry","category-startseite","category-umwelt"],"_links":{"self":[{"href":"https:\/\/www.fuldaernachrichten.de\/index.php?rest_route=\/wp\/v2\/posts\/129781","targetHints":{"allow":["GET"]}}],"collection":[{"href":"https:\/\/www.fuldaernachrichten.de\/index.php?rest_route=\/wp\/v2\/posts"}],"about":[{"href":"https:\/\/www.fuldaernachrichten.de\/index.php?rest_route=\/wp\/v2\/types\/post"}],"author":[{"embeddable":true,"href":"https:\/\/www.fuldaernachrichten.de\/index.php?rest_route=\/wp\/v2\/users\/1"}],"replies":[{"embeddable":true,"href":"https:\/\/www.fuldaernachrichten.de\/index.php?rest_route=%2Fwp%2Fv2%2Fcomments&post=129781"}],"version-history":[{"count":1,"href":"https:\/\/www.fuldaernachrichten.de\/index.php?rest_route=\/wp\/v2\/posts\/129781\/revisions"}],"predecessor-version":[{"id":129782,"href":"https:\/\/www.fuldaernachrichten.de\/index.php?rest_route=\/wp\/v2\/posts\/129781\/revisions\/129782"}],"wp:attachment":[{"href":"https:\/\/www.fuldaernachrichten.de\/index.php?rest_route=%2Fwp%2Fv2%2Fmedia&parent=129781"}],"wp:term":[{"taxonomy":"category","embeddable":true,"href":"https:\/\/www.fuldaernachrichten.de\/index.php?rest_route=%2Fwp%2Fv2%2Fcategories&post=129781"},{"taxonomy":"post_tag","embeddable":true,"href":"https:\/\/www.fuldaernachrichten.de\/index.php?rest_route=%2Fwp%2Fv2%2Ftags&post=129781"}],"curies":[{"name":"wp","href":"https:\/\/api.w.org\/{rel}","templated":true}]}}