{"id":129759,"date":"2014-09-24T00:14:41","date_gmt":"2014-09-24T00:14:41","guid":{"rendered":"http:\/\/www.fuldaer-nachrichten.de\/?p=129759"},"modified":"2014-09-23T15:46:10","modified_gmt":"2014-09-23T15:46:10","slug":"kostenlose-pflegeberatung-homepage-des-pflegestuetzpunkts-informiert-ueber-angebote-und-einrichtungen","status":"publish","type":"post","link":"https:\/\/www.fuldaernachrichten.de\/?p=129759","title":{"rendered":"Kostenlose Pflegeberatung &#8211; Homepage des Pflegest\u00fctzpunkts informiert \u00fcber Angebote und Einrichtungen"},"content":{"rendered":"<p>Fulda. Der Unterst\u00fctzungs- und Beratungsbedarf rund um das Thema Pflege nimmt zu. Die Homepage <a href=\"http:\/\/www.pflegestuetzpunkt-fulda.de\">www.pflegestuetzpunkt-fulda.de<\/a> informiert \u00fcber bestehende Angebote und Einrichtungen. Der Pflegest\u00fctzpunkt Fulda in gemeinsamer Tr\u00e4gerschaft des Landkreises und der AOK befindet sich im Zentrum Vital, Gerloser Weg 20 (gegen\u00fcber Herz-Jesu-Krankenhaus), in 36039 Fulda und bietet eine kostenfreie und tr\u00e4gerneutrale Beratung bei Pflege und Versorgung im Alter sowie Behinderung. Weitere Info unter Telefon (0661)6006-693, E-Mail <a href=\"mailto:pflegestuetzpunkt@landkreis-fulda.de\">pflegestuetzpunkt@landkreis-fulda.de<\/a>.<\/p>\n","protected":false},"excerpt":{"rendered":"<div class=\"tmnf_excerpt\"><p>Fulda. Der Unterst\u00fctzungs- und Beratungsbedarf rund um das Thema Pflege nimmt zu. Die Homepage www.pflegestuetzpunkt-fulda.de informiert \u00fcber bestehende Angebote und Einrichtungen. Der Pflegest\u00fctzpunkt Fulda in gemeinsamer Tr\u00e4gerschaft des Landkreises und der AOK befindet sich im Zentrum Vital, Gerloser Weg 20 (gegen\u00fcber Herz-Jesu-Krankenhaus), in 36039 Fulda und bietet eine kostenfreie und tr\u00e4gerneutrale Beratung bei Pflege und &hellip;<\/p>\n<\/div>","protected":false},"author":1,"featured_media":0,"comment_status":"closed","ping_status":"closed","sticky":false,"template":"","format":"standard","meta":{"footnotes":""},"categories":[1,51],"tags":[],"class_list":["post-129759","post","type-post","status-publish","format-standard","hentry","category-startseite","category-medizin"],"_links":{"self":[{"href":"https:\/\/www.fuldaernachrichten.de\/index.php?rest_route=\/wp\/v2\/posts\/129759","targetHints":{"allow":["GET"]}}],"collection":[{"href":"https:\/\/www.fuldaernachrichten.de\/index.php?rest_route=\/wp\/v2\/posts"}],"about":[{"href":"https:\/\/www.fuldaernachrichten.de\/index.php?rest_route=\/wp\/v2\/types\/post"}],"author":[{"embeddable":true,"href":"https:\/\/www.fuldaernachrichten.de\/index.php?rest_route=\/wp\/v2\/users\/1"}],"replies":[{"embeddable":true,"href":"https:\/\/www.fuldaernachrichten.de\/index.php?rest_route=%2Fwp%2Fv2%2Fcomments&post=129759"}],"version-history":[{"count":1,"href":"https:\/\/www.fuldaernachrichten.de\/index.php?rest_route=\/wp\/v2\/posts\/129759\/revisions"}],"predecessor-version":[{"id":129760,"href":"https:\/\/www.fuldaernachrichten.de\/index.php?rest_route=\/wp\/v2\/posts\/129759\/revisions\/129760"}],"wp:attachment":[{"href":"https:\/\/www.fuldaernachrichten.de\/index.php?rest_route=%2Fwp%2Fv2%2Fmedia&parent=129759"}],"wp:term":[{"taxonomy":"category","embeddable":true,"href":"https:\/\/www.fuldaernachrichten.de\/index.php?rest_route=%2Fwp%2Fv2%2Fcategories&post=129759"},{"taxonomy":"post_tag","embeddable":true,"href":"https:\/\/www.fuldaernachrichten.de\/index.php?rest_route=%2Fwp%2Fv2%2Ftags&post=129759"}],"curies":[{"name":"wp","href":"https:\/\/api.w.org\/{rel}","templated":true}]}}