{"id":129753,"date":"2014-09-24T00:21:50","date_gmt":"2014-09-24T00:21:50","guid":{"rendered":"http:\/\/www.fuldaer-nachrichten.de\/?p=129753"},"modified":"2014-09-23T15:25:17","modified_gmt":"2014-09-23T15:25:17","slug":"deutsch-polnische-jugendbegegnung-in-fulda-mit-interessantem-besuchsprogramm","status":"publish","type":"post","link":"https:\/\/www.fuldaernachrichten.de\/?p=129753","title":{"rendered":"Deutsch-Polnische Jugendbegegnung in Fulda mit interessantem Besuchsprogramm"},"content":{"rendered":"<p><a href=\"http:\/\/www.fuldaer-nachrichten.de\/wp-content\/uploads\/2014\/09\/461-deutsch-polinische-Jugendbegegnung.jpg\"><img fetchpriority=\"high\" decoding=\"async\" class=\"alignleft size-thumbnail wp-image-129754\" src=\"http:\/\/www.fuldaer-nachrichten.de\/wp-content\/uploads\/2014\/09\/461-deutsch-polinische-Jugendbegegnung-265x198.jpg\" alt=\"461-deutsch-polinische Jugendbegegnung\" width=\"265\" height=\"198\" srcset=\"https:\/\/www.fuldaernachrichten.de\/wp-content\/uploads\/2014\/09\/461-deutsch-polinische-Jugendbegegnung-265x198.jpg 265w, https:\/\/www.fuldaernachrichten.de\/wp-content\/uploads\/2014\/09\/461-deutsch-polinische-Jugendbegegnung.jpg 600w\" sizes=\"(max-width: 265px) 100vw, 265px\" \/><\/a>Fulda. Im August trafen sich deutsche und polnische Jugendliche zu einer gemeinsamen Jugendbegegnung in Fulda. Christian Bub, Vincent Strong und Marius M\u00fcller berichten, welche Erfahrungen sie in dieser Woche sammeln konnten.<\/p>\n<p>Nachdem die polnischen Jugendlichen in der Jugendherberge Fulda angekommen waren, unternahmen wir am n\u00e4chsten Tag einen ersten Ausflug und fuhren zum fr\u00fcheren US-Milit\u00e4rst\u00fctzpunkt Point Alpha. Dort haben wir viel \u00fcber den kalten Krieg erfahren. Am n\u00e4chsten Tag fuhren wir nach Frankfurt ins Filmmuseum und zum Einkaufen. Wir haben auch noch eine Stadtrallye gemacht, bei der einige Fragen \u00fcber Frankfurt beantwortet werden mussten.<!--more--><\/p>\n<p>Am n\u00e4chsten Tag fuhren wir auf Wasserkuppe und besichtigten dort zun\u00e4chst das Radom. Danach sind einige von uns mit der Rodelbahn gefahren. Anschlie\u00dfend haben wir uns auf den Weg zum Guckaisee gemacht und nach einigen Schwierigkeiten unterwegs auch unser Ziel erreicht. Sp\u00e4ter durften wir auf einem Bauernhof in Eichenau selbst Pizza gebacken.<\/p>\n<p>Am letzten Tag waren wir zuerst im Offenen Kanal, wo wir ein Interview aufgezeichnet haben, das noch am gleichen Abend ausgestrahlt wurde. Danach hatten wir Zeit, um den polnischen Jugendlichen Fulda und unsere Heimatorte zu zeigen. Den letzten gemeinsamen Abend haben wir im Offenen Kanal verbracht, bevor sich die polnischen G\u00e4ste am n\u00e4chsten Morgen verabschiedeten.<\/p>\n<p>Die polnischen Jugendlichen im Alter von 13 bis 17 Jahren waren sehr kontaktfreudig und nett. Sie zeigten gro\u00dfes Interesse an unserer Heimat, besonders an der Wasserkuppe und beim Ausflug nach Frankfurt. Die Begegnung hat ihnen Spa\u00df gemacht, auch wenn es ab und zu sprachliche Verst\u00e4ndnisprobleme gab. \u00c4u\u00dferliche Unterschiede stellten wir nur sehr wenige festzustellen, allerdings bemerkten wird einige Unterschiede zwischen den beiden Schulsystemen.<\/p>\n<p>Auch waren die Deutsch- und Englischkenntnisse der polnischen Jugendlichen nicht ganz so toll, obwohl sie diese Sprachen schon seit mehreren Jahren lernen. Trotzdem haben wir uns gut mit ihnen unterhalten. Jedoch w\u00e4re es sch\u00f6n, wenn wir uns das n\u00e4chste Mal noch besser verst\u00e4ndigen k\u00f6nnten. Fazit: Die Jugendbegegnung hat allen Freude bereitet und wir w\u00fcrden sie unbedingt weiterempfehlen.<\/p>\n","protected":false},"excerpt":{"rendered":"<div class=\"tmnf_excerpt\"><p>Fulda. Im August trafen sich deutsche und polnische Jugendliche zu einer gemeinsamen Jugendbegegnung in Fulda. Christian Bub, Vincent Strong und Marius M\u00fcller berichten, welche Erfahrungen sie in dieser Woche sammeln konnten. Nachdem die polnischen Jugendlichen in der Jugendherberge Fulda angekommen waren, unternahmen wir am n\u00e4chsten Tag einen ersten Ausflug und fuhren zum fr\u00fcheren US-Milit\u00e4rst\u00fctzpunkt Point &hellip;<\/p>\n<\/div>","protected":false},"author":1,"featured_media":0,"comment_status":"closed","ping_status":"closed","sticky":false,"template":"","format":"standard","meta":{"footnotes":""},"categories":[1,72],"tags":[],"class_list":["post-129753","post","type-post","status-publish","format-standard","hentry","category-startseite","category-jugend"],"_links":{"self":[{"href":"https:\/\/www.fuldaernachrichten.de\/index.php?rest_route=\/wp\/v2\/posts\/129753","targetHints":{"allow":["GET"]}}],"collection":[{"href":"https:\/\/www.fuldaernachrichten.de\/index.php?rest_route=\/wp\/v2\/posts"}],"about":[{"href":"https:\/\/www.fuldaernachrichten.de\/index.php?rest_route=\/wp\/v2\/types\/post"}],"author":[{"embeddable":true,"href":"https:\/\/www.fuldaernachrichten.de\/index.php?rest_route=\/wp\/v2\/users\/1"}],"replies":[{"embeddable":true,"href":"https:\/\/www.fuldaernachrichten.de\/index.php?rest_route=%2Fwp%2Fv2%2Fcomments&post=129753"}],"version-history":[{"count":1,"href":"https:\/\/www.fuldaernachrichten.de\/index.php?rest_route=\/wp\/v2\/posts\/129753\/revisions"}],"predecessor-version":[{"id":129755,"href":"https:\/\/www.fuldaernachrichten.de\/index.php?rest_route=\/wp\/v2\/posts\/129753\/revisions\/129755"}],"wp:attachment":[{"href":"https:\/\/www.fuldaernachrichten.de\/index.php?rest_route=%2Fwp%2Fv2%2Fmedia&parent=129753"}],"wp:term":[{"taxonomy":"category","embeddable":true,"href":"https:\/\/www.fuldaernachrichten.de\/index.php?rest_route=%2Fwp%2Fv2%2Fcategories&post=129753"},{"taxonomy":"post_tag","embeddable":true,"href":"https:\/\/www.fuldaernachrichten.de\/index.php?rest_route=%2Fwp%2Fv2%2Ftags&post=129753"}],"curies":[{"name":"wp","href":"https:\/\/api.w.org\/{rel}","templated":true}]}}