{"id":129750,"date":"2014-09-24T00:14:18","date_gmt":"2014-09-24T00:14:18","guid":{"rendered":"http:\/\/www.fuldaer-nachrichten.de\/?p=129750"},"modified":"2014-09-23T15:21:43","modified_gmt":"2014-09-23T15:21:43","slug":"bischof-algermissen-ueberreichte-symbolischen-scheck-an-erzbischof","status":"publish","type":"post","link":"https:\/\/www.fuldaernachrichten.de\/?p=129750","title":{"rendered":"Bischof Algermissen \u00fcberreichte symbolischen Scheck an Erzbischof"},"content":{"rendered":"<p><a href=\"http:\/\/www.fuldaer-nachrichten.de\/wp-content\/uploads\/2014\/09\/IMG_0675.jpg\"><img decoding=\"async\" class=\"alignleft size-thumbnail wp-image-129751\" src=\"http:\/\/www.fuldaer-nachrichten.de\/wp-content\/uploads\/2014\/09\/IMG_0675-265x176.jpg\" alt=\"IMG_0675\" width=\"265\" height=\"176\" srcset=\"https:\/\/www.fuldaernachrichten.de\/wp-content\/uploads\/2014\/09\/IMG_0675-265x176.jpg 265w, https:\/\/www.fuldaernachrichten.de\/wp-content\/uploads\/2014\/09\/IMG_0675.jpg 600w\" sizes=\"(max-width: 265px) 100vw, 265px\" \/><\/a>Fulda (bpf). Das Bistum Fulda m\u00f6chte den von der Terrorgruppe \u201eIslamischer Staat\u201c vertriebenen Menschen helfen und hat daher 10.000 Euro f\u00fcr Medikamente, Winterkleidung besonders f\u00fcr Kinder und Babynahrung bereitgestellt. Das Geld wird in den n\u00e4chsten Tagen an die katholische Kirche im Nordirak \u00fcberwiesen. Bischof Heinz Josef Algermissen \u00fcberreichte dem chald\u00e4ischen Erzbischof von Mossul, Dr. Amel Shimoun Nona, am Dienstag einen symbolischen Scheck \u00fcber 10.000 Euro. Der irakische Bischof, der zusammen mit allen Christen durch die Terroristen aus seiner Stadt vertrieben wurde und nun mit ihnen in Erbil (Kurdistan) lebt, ist derzeit Ehrengast der Deutschen Bischofskonferenz auf ihrer Herbstvollversammlung in der Bonifatiusstadt. Shimoun Nona hatte den deutschen Bisch\u00f6fen die katastrophale Lage der Fl\u00fcchtlinge im Nordirak geschildert.<!--more--><\/p>\n<p>\u201eEs ist ein kleiner Tropfen auf einen hei\u00dfen Stein und ein Zeichen, das von Herzen kommt\u201c, betonte der Fuldaer Oberhirte im Gespr\u00e4ch mit seinem irakischen Amtskollegen. Algermissen versicherte Shimoun Nona, dass die Kirche in Deutschland alles tun werde, damit sich die Lage der Menschen im Irak bessere. Der bisch\u00f6fliche Gast bedankte sich f\u00fcr die freundliche Aufnahme in Fulda und die Geldhilfe und sagte zu, dass die Spende den Menschen in Not direkt zugute kommen werde. Er \u00e4u\u00dferte zudem die Hoffnung, dass die irakischen Christen trotz ihrer jetzigen Notlage bald in eine bessere Zukunft blicken k\u00f6nnten.<\/p>\n<p>Das Bistum hatte Ende Juli und Mitte September Geldmittel aus seinem Katastrophenfonds f\u00fcr die Menschen im Irak und in Syrien bereitgestellt. Bislang belaufen sich die Hilfsgelder der Di\u00f6zese auf insgesamt 50.000 Euro.<\/p>\n","protected":false},"excerpt":{"rendered":"<div class=\"tmnf_excerpt\"><p>Fulda (bpf). Das Bistum Fulda m\u00f6chte den von der Terrorgruppe \u201eIslamischer Staat\u201c vertriebenen Menschen helfen und hat daher 10.000 Euro f\u00fcr Medikamente, Winterkleidung besonders f\u00fcr Kinder und Babynahrung bereitgestellt. Das Geld wird in den n\u00e4chsten Tagen an die katholische Kirche im Nordirak \u00fcberwiesen. Bischof Heinz Josef Algermissen \u00fcberreichte dem chald\u00e4ischen Erzbischof von Mossul, Dr. Amel &hellip;<\/p>\n<\/div>","protected":false},"author":1,"featured_media":0,"comment_status":"closed","ping_status":"closed","sticky":false,"template":"","format":"standard","meta":{"footnotes":""},"categories":[1,50],"tags":[],"class_list":["post-129750","post","type-post","status-publish","format-standard","hentry","category-startseite","category-kirche"],"_links":{"self":[{"href":"https:\/\/www.fuldaernachrichten.de\/index.php?rest_route=\/wp\/v2\/posts\/129750","targetHints":{"allow":["GET"]}}],"collection":[{"href":"https:\/\/www.fuldaernachrichten.de\/index.php?rest_route=\/wp\/v2\/posts"}],"about":[{"href":"https:\/\/www.fuldaernachrichten.de\/index.php?rest_route=\/wp\/v2\/types\/post"}],"author":[{"embeddable":true,"href":"https:\/\/www.fuldaernachrichten.de\/index.php?rest_route=\/wp\/v2\/users\/1"}],"replies":[{"embeddable":true,"href":"https:\/\/www.fuldaernachrichten.de\/index.php?rest_route=%2Fwp%2Fv2%2Fcomments&post=129750"}],"version-history":[{"count":1,"href":"https:\/\/www.fuldaernachrichten.de\/index.php?rest_route=\/wp\/v2\/posts\/129750\/revisions"}],"predecessor-version":[{"id":129752,"href":"https:\/\/www.fuldaernachrichten.de\/index.php?rest_route=\/wp\/v2\/posts\/129750\/revisions\/129752"}],"wp:attachment":[{"href":"https:\/\/www.fuldaernachrichten.de\/index.php?rest_route=%2Fwp%2Fv2%2Fmedia&parent=129750"}],"wp:term":[{"taxonomy":"category","embeddable":true,"href":"https:\/\/www.fuldaernachrichten.de\/index.php?rest_route=%2Fwp%2Fv2%2Fcategories&post=129750"},{"taxonomy":"post_tag","embeddable":true,"href":"https:\/\/www.fuldaernachrichten.de\/index.php?rest_route=%2Fwp%2Fv2%2Ftags&post=129750"}],"curies":[{"name":"wp","href":"https:\/\/api.w.org\/{rel}","templated":true}]}}