{"id":129729,"date":"2014-09-24T00:15:52","date_gmt":"2014-09-24T00:15:52","guid":{"rendered":"http:\/\/www.fuldaer-nachrichten.de\/?p=129729"},"modified":"2014-09-23T14:59:12","modified_gmt":"2014-09-23T14:59:12","slug":"bei-jumo-kommt-der-strom-jetzt-auch-vom-dach","status":"publish","type":"post","link":"https:\/\/www.fuldaernachrichten.de\/?p=129729","title":{"rendered":"Bei JUMO kommt der Strom jetzt auch vom Dach"},"content":{"rendered":"<div id=\"attachment_129730\" style=\"width: 275px\" class=\"wp-caption alignleft\"><a href=\"http:\/\/www.fuldaer-nachrichten.de\/wp-content\/uploads\/2014\/09\/JUMO_PI_Photovoltaik.jpg\"><img fetchpriority=\"high\" decoding=\"async\" aria-describedby=\"caption-attachment-129730\" class=\"size-thumbnail wp-image-129730\" src=\"http:\/\/www.fuldaer-nachrichten.de\/wp-content\/uploads\/2014\/09\/JUMO_PI_Photovoltaik-265x198.jpg\" alt=\"416 Sonnenkollektoren liefern auf einer Fl\u00e4che von \u00fcber 600 Quadratmetern bei JUMO Strom f\u00fcr den Eigenbedarf. \" width=\"265\" height=\"198\" srcset=\"https:\/\/www.fuldaernachrichten.de\/wp-content\/uploads\/2014\/09\/JUMO_PI_Photovoltaik-265x198.jpg 265w, https:\/\/www.fuldaernachrichten.de\/wp-content\/uploads\/2014\/09\/JUMO_PI_Photovoltaik.jpg 600w\" sizes=\"(max-width: 265px) 100vw, 265px\" \/><\/a><p id=\"caption-attachment-129730\" class=\"wp-caption-text\">416 Sonnenkollektoren liefern auf einer Fl\u00e4che von \u00fcber 600 Quadratmetern bei JUMO Strom f\u00fcr den Eigenbedarf.<\/p><\/div>\n<p>Fulda. Die Aussichten sind ern\u00fcchternd: Zwischen 2010 und 2023 k\u00f6nnte der Strompreis f\u00fcr Industriekunden in Deutschland aufgrund der Vorgaben der Energiewende um \u00fcber 40 Prozent steigen. Die Fuldaer JUMO GmbH &amp; Co. KG setzt deshalb zunehmend auf Strom aus eigener Herstellung und hat jetzt eine erste Photovoltaikanlage in Betrieb genommen.<!--more--><\/p>\n<p>F\u00fcr Bernhard Juchheim, gesch\u00e4ftsf\u00fchrender JUMO Gesellschafter, steht das Thema Energieeffizienz bereits seit langem ganz oben auf der Tagesordnung. \u201eWir \u00fcberpr\u00fcfen bei jeder Neu- und Umbauma\u00dfnahme in unserem Unternehmen m\u00f6gliche Einsparpotenziale und setzen konkrete Ma\u00dfnahmen um, wenn immer es m\u00f6glich ist.\u201c So wurden bereits vor einigen Jahren sechs Blockheizkraftwerke in Betrieb genommen, die Strom f\u00fcr den Eigenverbauch liefern.<\/p>\n<p>Auch die 90.000 bis 105.000 kWh an Strom, die die neue Photovoltaikanlage j\u00e4hrlich aus 416 Kollektoren erzeugt, werden nicht ins Netz eingespeist, sondern dienen haupts\u00e4chlich zur Prozessk\u00fchlung, wie Energiemanager Holger Leydecker best\u00e4tigt. \u201eDie Installation der Anlage hat sich aus mehreren Gr\u00fcnden angeboten. Zum einen stand sowieso eine Sanierung des kompletten Geb\u00e4udes in der Moritz-Juchheim-Stra\u00dfe an. Dar\u00fcber hinaus haben wir hier eine tragf\u00e4hige, unverschattete Dachfl\u00e4che von mehr als 600 Quadratmetern Fl\u00e4che zur Verf\u00fcgung.\u201c<\/p>\n<p>Die erzeugte Strommenge w\u00fcrde f\u00fcr etwa 25 Einfamilienh\u00e4user ausreichen und spart \u2013 je nach \u2013Sonnenscheindauer \u2013 zwischen 15.000 und 23.000 Euro Energiekosten pro Jahr. Zeitgleich mit der Installation der Anlage wurden auch alle Fenster im Geb\u00e4ude durch moderne Energiesparfenster ersetzt. Das gesamte Investitionsvolumen f\u00fcr die Sanierung bel\u00e4uft sich laut Facility-Manager Matthias M\u00fcller auf rund 600.000 Euro.<\/p>\n<p>&nbsp;<\/p>\n","protected":false},"excerpt":{"rendered":"<div class=\"tmnf_excerpt\"><p>Fulda. Die Aussichten sind ern\u00fcchternd: Zwischen 2010 und 2023 k\u00f6nnte der Strompreis f\u00fcr Industriekunden in Deutschland aufgrund der Vorgaben der Energiewende um \u00fcber 40 Prozent steigen. Die Fuldaer JUMO GmbH &amp; Co. KG setzt deshalb zunehmend auf Strom aus eigener Herstellung und hat jetzt eine erste Photovoltaikanlage in Betrieb genommen.<\/p>\n<\/div>","protected":false},"author":1,"featured_media":0,"comment_status":"closed","ping_status":"closed","sticky":false,"template":"","format":"standard","meta":{"footnotes":""},"categories":[1,29],"tags":[],"class_list":["post-129729","post","type-post","status-publish","format-standard","hentry","category-startseite","category-politik"],"_links":{"self":[{"href":"https:\/\/www.fuldaernachrichten.de\/index.php?rest_route=\/wp\/v2\/posts\/129729","targetHints":{"allow":["GET"]}}],"collection":[{"href":"https:\/\/www.fuldaernachrichten.de\/index.php?rest_route=\/wp\/v2\/posts"}],"about":[{"href":"https:\/\/www.fuldaernachrichten.de\/index.php?rest_route=\/wp\/v2\/types\/post"}],"author":[{"embeddable":true,"href":"https:\/\/www.fuldaernachrichten.de\/index.php?rest_route=\/wp\/v2\/users\/1"}],"replies":[{"embeddable":true,"href":"https:\/\/www.fuldaernachrichten.de\/index.php?rest_route=%2Fwp%2Fv2%2Fcomments&post=129729"}],"version-history":[{"count":1,"href":"https:\/\/www.fuldaernachrichten.de\/index.php?rest_route=\/wp\/v2\/posts\/129729\/revisions"}],"predecessor-version":[{"id":129731,"href":"https:\/\/www.fuldaernachrichten.de\/index.php?rest_route=\/wp\/v2\/posts\/129729\/revisions\/129731"}],"wp:attachment":[{"href":"https:\/\/www.fuldaernachrichten.de\/index.php?rest_route=%2Fwp%2Fv2%2Fmedia&parent=129729"}],"wp:term":[{"taxonomy":"category","embeddable":true,"href":"https:\/\/www.fuldaernachrichten.de\/index.php?rest_route=%2Fwp%2Fv2%2Fcategories&post=129729"},{"taxonomy":"post_tag","embeddable":true,"href":"https:\/\/www.fuldaernachrichten.de\/index.php?rest_route=%2Fwp%2Fv2%2Ftags&post=129729"}],"curies":[{"name":"wp","href":"https:\/\/api.w.org\/{rel}","templated":true}]}}