{"id":129707,"date":"2014-09-23T07:20:25","date_gmt":"2014-09-23T07:20:25","guid":{"rendered":"http:\/\/www.fuldaer-nachrichten.de\/?p=129707"},"modified":"2014-09-23T07:20:25","modified_gmt":"2014-09-23T07:20:25","slug":"dieter-wedel-wird-neuer-intendant-der-bad-hersfelder-festspiele","status":"publish","type":"post","link":"https:\/\/www.fuldaernachrichten.de\/?p=129707","title":{"rendered":"Dieter Wedel wird neuer Intendant der Bad Hersfelder Festspiele"},"content":{"rendered":"<p><a href=\"http:\/\/www.fuldaer-nachrichten.de\/wp-content\/uploads\/2014\/09\/Klein_Intendant-Dieter-Wedel-Fotorechte-Rudolf-Uhrig.jpg\"><img fetchpriority=\"high\" decoding=\"async\" class=\"alignleft size-thumbnail wp-image-129708\" src=\"http:\/\/www.fuldaer-nachrichten.de\/wp-content\/uploads\/2014\/09\/Klein_Intendant-Dieter-Wedel-Fotorechte-Rudolf-Uhrig-265x396.jpg\" alt=\"Klein_Intendant-Dieter-Wedel (Fotorechte Rudolf Uhrig)\" width=\"265\" height=\"396\" srcset=\"https:\/\/www.fuldaernachrichten.de\/wp-content\/uploads\/2014\/09\/Klein_Intendant-Dieter-Wedel-Fotorechte-Rudolf-Uhrig-265x396.jpg 265w, https:\/\/www.fuldaernachrichten.de\/wp-content\/uploads\/2014\/09\/Klein_Intendant-Dieter-Wedel-Fotorechte-Rudolf-Uhrig-177x265.jpg 177w, https:\/\/www.fuldaernachrichten.de\/wp-content\/uploads\/2014\/09\/Klein_Intendant-Dieter-Wedel-Fotorechte-Rudolf-Uhrig.jpg 600w\" sizes=\"(max-width: 265px) 100vw, 265px\" \/><\/a>Bad Hersfeld. Dr. Dieter Wedel ist ab Oktober 2014 neuer Intendant der Bad Hersfelder Festspiele. Er wird die k\u00fcnstlerische Leitung f\u00fcr die Spielzeiten von 2015 bis 2018 \u00fcbernehmen. B\u00fcrgermeister Thomas Fehling ist es gelungen, den renommierten Regisseur und erfahrenenen Festspielintendanten f\u00fcr Bad Hersfeld zu gewinnen. Nach der Trennung vom fr\u00fcheren Intendanten hatte Fehling mehrere Gespr\u00e4che mit Wedel gef\u00fchrt und in intensiven Verhandlungen die Einigung in den letzten Tagen erzielt.<!--more--><\/p>\n<p>Der B\u00fcrgermeister tat dies im Auftrag des Magistrates der Kreisstadt \u2013 und der ist Fehlings Vorschlag gefolgt. Dieter Wedel wurde gebeten, die Intendanz der Bad Hersfelder Festspiele zu \u00fcbernehmen und hat zugesagt.<br \/>\n\u201eIch freue mich sehr dar\u00fcber, dass Dieter Wedel unser Angebot angenommen hat. Das ist die beste Voraussetzung f\u00fcr gro\u00dfe Festspiele in der Zukunft &#8211; f\u00fcr erfolgreiche Bad Hersfelder Festspiele!\u201c so Fehling als Sprecher des Gremiums.<\/p>\n<p>Wedel war seit 2002 zun\u00e4chst als Regisseur, nach 2004 als Intendant verantwortlich f\u00fcr den gro\u00dfen Erfolg der Nibelungen-Festspiele in Worms. Die Entwicklung wurde von den Medien als \u201eWunder von Worms\u201c bezeichnet. Als in diesem Sommer die Intendanz in Worms wie geplant in neue H\u00e4nde gelegt wurde, erhielt Wedel dort mit einer eigenen Ausstellung und vielen Ehrungen einen gloriosen Abschied.<\/p>\n<p>Damit wird einer der erfolgreichsten Regisseure und Drehbuchautoren Deutschlands nunmehr f\u00fcr die n\u00e4chsten vier Jahre Chef in der Bad Hersfelder Stiftsruine. Dieter Wedel zu seiner Verpflichtung als Intendant der Bad Hersfelder Festspiele: \u201eIch freue mich auf die Aufgabe, die Festspiele wieder in ruhiges Fahrwasser zu lenken. Es wird nat\u00fcrlich einen Neustart geben. Und ich hoffe, dass mir in Bad Hersfeld gelingt, was mir zuvor ja schon sowohl bei meinen Fernsehfilmen als auch am Theater oft gelungen ist, n\u00e4mlich den Spagat zu schaffen zwischen Anspruch, Qualit\u00e4t und Popularit\u00e4t. Die Bad Hersfelder und die Besucher von au\u00dferhalb d\u00fcrfen gespannt sein!\u201c<\/p>\n","protected":false},"excerpt":{"rendered":"<div class=\"tmnf_excerpt\"><p>Bad Hersfeld. Dr. Dieter Wedel ist ab Oktober 2014 neuer Intendant der Bad Hersfelder Festspiele. Er wird die k\u00fcnstlerische Leitung f\u00fcr die Spielzeiten von 2015 bis 2018 \u00fcbernehmen. B\u00fcrgermeister Thomas Fehling ist es gelungen, den renommierten Regisseur und erfahrenenen Festspielintendanten f\u00fcr Bad Hersfeld zu gewinnen. Nach der Trennung vom fr\u00fcheren Intendanten hatte Fehling mehrere Gespr\u00e4che &hellip;<\/p>\n<\/div>","protected":false},"author":1,"featured_media":0,"comment_status":"closed","ping_status":"closed","sticky":false,"template":"","format":"standard","meta":{"footnotes":""},"categories":[1,44],"tags":[],"class_list":["post-129707","post","type-post","status-publish","format-standard","hentry","category-startseite","category-kultur"],"_links":{"self":[{"href":"https:\/\/www.fuldaernachrichten.de\/index.php?rest_route=\/wp\/v2\/posts\/129707","targetHints":{"allow":["GET"]}}],"collection":[{"href":"https:\/\/www.fuldaernachrichten.de\/index.php?rest_route=\/wp\/v2\/posts"}],"about":[{"href":"https:\/\/www.fuldaernachrichten.de\/index.php?rest_route=\/wp\/v2\/types\/post"}],"author":[{"embeddable":true,"href":"https:\/\/www.fuldaernachrichten.de\/index.php?rest_route=\/wp\/v2\/users\/1"}],"replies":[{"embeddable":true,"href":"https:\/\/www.fuldaernachrichten.de\/index.php?rest_route=%2Fwp%2Fv2%2Fcomments&post=129707"}],"version-history":[{"count":1,"href":"https:\/\/www.fuldaernachrichten.de\/index.php?rest_route=\/wp\/v2\/posts\/129707\/revisions"}],"predecessor-version":[{"id":129709,"href":"https:\/\/www.fuldaernachrichten.de\/index.php?rest_route=\/wp\/v2\/posts\/129707\/revisions\/129709"}],"wp:attachment":[{"href":"https:\/\/www.fuldaernachrichten.de\/index.php?rest_route=%2Fwp%2Fv2%2Fmedia&parent=129707"}],"wp:term":[{"taxonomy":"category","embeddable":true,"href":"https:\/\/www.fuldaernachrichten.de\/index.php?rest_route=%2Fwp%2Fv2%2Fcategories&post=129707"},{"taxonomy":"post_tag","embeddable":true,"href":"https:\/\/www.fuldaernachrichten.de\/index.php?rest_route=%2Fwp%2Fv2%2Ftags&post=129707"}],"curies":[{"name":"wp","href":"https:\/\/api.w.org\/{rel}","templated":true}]}}