{"id":129704,"date":"2014-09-23T07:18:11","date_gmt":"2014-09-23T07:18:11","guid":{"rendered":"http:\/\/www.fuldaer-nachrichten.de\/?p=129704"},"modified":"2014-09-23T07:18:11","modified_gmt":"2014-09-23T07:18:11","slug":"macbest-auffuehrung-in-eichenzell-premiere-der-neuesten-produktion-von-theater-aller-art","status":"publish","type":"post","link":"https:\/\/www.fuldaernachrichten.de\/?p=129704","title":{"rendered":"\u201eMacBest\u201c-Auff\u00fchrung in Eichenzell &#8211; Premiere der neuesten Produktion von Theater \u00e2\u20ac\u2122aller art\u00e2\u20ac\u02dc"},"content":{"rendered":"<p><a href=\"http:\/\/www.fuldaer-nachrichten.de\/wp-content\/uploads\/2014\/09\/MacBest_2.jpg\"><img fetchpriority=\"high\" decoding=\"async\" class=\"alignleft size-thumbnail wp-image-129705\" src=\"http:\/\/www.fuldaer-nachrichten.de\/wp-content\/uploads\/2014\/09\/MacBest_2-265x200.jpg\" alt=\"MacBest_2\" width=\"265\" height=\"200\" srcset=\"https:\/\/www.fuldaernachrichten.de\/wp-content\/uploads\/2014\/09\/MacBest_2-265x200.jpg 265w, https:\/\/www.fuldaernachrichten.de\/wp-content\/uploads\/2014\/09\/MacBest_2.jpg 600w\" sizes=\"(max-width: 265px) 100vw, 265px\" \/><\/a>Eichenzell. Mit seiner neuen Produktion \u201eMacBest\u201c begibt sich Theater \u00e2\u20ac\u2122aller art\u00e2\u20ac\u02dc am 04. Oktober 2014 um 20.00 Uhr in die bizarre Scheibenwelt des englischen Erfolgsautors Terry Pratchett. In \u201eMacBest\u201c erdolcht der finstere Herzog Felmet den K\u00f6nig, um gemeinsam mit seiner unausstehlichen Gattin den Thron zu besteigen. Der wahre Thronerbe wurde indes von fahrenden Schauspielern adoptiert. F\u00fcr die erfahrene Hexe Oma Wetterwachs, ihre hexenden Freundinnen und den Geist des ermordeten K\u00f6nigs gibt es viel zu tun, um die Pl\u00e4ne von Herzogin und Herzog zu durchkreuzen. Und dann kommt doch alles anders&#8230;<!--more--><\/p>\n<p>Theater \u00e2\u20ac\u2122aller art\u00e2\u20ac\u02dc ist ein Amateurtheater mit Sitz in Eichenzell. Die theaterbegeisterten Schauspieler unterschiedlichen Alters stehen seit 1993 auf der B\u00fchne. Die Begeisterung f\u00fcr das Theater l\u00e4sst die Gruppe immer wieder neue Herausforderungen suchen. Das weit gef\u00e4cherte Repertoire umfasst St\u00fccke und Sketche namhafter Autoren sowie Eigenproduktionen.<\/p>\n<p>Karten f\u00fcr die Veranstaltung in der Kulturscheune Eichenzell sind f\u00fcr 12,00 \u00e2\u201a\u00ac bei der Gemeinde Eichenzell, Tel. 06659\/ 9 79 43, erh\u00e4ltlich. www.eichenzell.de<\/p>\n","protected":false},"excerpt":{"rendered":"<div class=\"tmnf_excerpt\"><p>Eichenzell. Mit seiner neuen Produktion \u201eMacBest\u201c begibt sich Theater \u00e2\u20ac\u2122aller art\u00e2\u20ac\u02dc am 04. Oktober 2014 um 20.00 Uhr in die bizarre Scheibenwelt des englischen Erfolgsautors Terry Pratchett. In \u201eMacBest\u201c erdolcht der finstere Herzog Felmet den K\u00f6nig, um gemeinsam mit seiner unausstehlichen Gattin den Thron zu besteigen. Der wahre Thronerbe wurde indes von fahrenden Schauspielern adoptiert. &hellip;<\/p>\n<\/div>","protected":false},"author":1,"featured_media":0,"comment_status":"closed","ping_status":"closed","sticky":false,"template":"","format":"standard","meta":{"footnotes":""},"categories":[1,44],"tags":[],"class_list":["post-129704","post","type-post","status-publish","format-standard","hentry","category-startseite","category-kultur"],"_links":{"self":[{"href":"https:\/\/www.fuldaernachrichten.de\/index.php?rest_route=\/wp\/v2\/posts\/129704","targetHints":{"allow":["GET"]}}],"collection":[{"href":"https:\/\/www.fuldaernachrichten.de\/index.php?rest_route=\/wp\/v2\/posts"}],"about":[{"href":"https:\/\/www.fuldaernachrichten.de\/index.php?rest_route=\/wp\/v2\/types\/post"}],"author":[{"embeddable":true,"href":"https:\/\/www.fuldaernachrichten.de\/index.php?rest_route=\/wp\/v2\/users\/1"}],"replies":[{"embeddable":true,"href":"https:\/\/www.fuldaernachrichten.de\/index.php?rest_route=%2Fwp%2Fv2%2Fcomments&post=129704"}],"version-history":[{"count":1,"href":"https:\/\/www.fuldaernachrichten.de\/index.php?rest_route=\/wp\/v2\/posts\/129704\/revisions"}],"predecessor-version":[{"id":129706,"href":"https:\/\/www.fuldaernachrichten.de\/index.php?rest_route=\/wp\/v2\/posts\/129704\/revisions\/129706"}],"wp:attachment":[{"href":"https:\/\/www.fuldaernachrichten.de\/index.php?rest_route=%2Fwp%2Fv2%2Fmedia&parent=129704"}],"wp:term":[{"taxonomy":"category","embeddable":true,"href":"https:\/\/www.fuldaernachrichten.de\/index.php?rest_route=%2Fwp%2Fv2%2Fcategories&post=129704"},{"taxonomy":"post_tag","embeddable":true,"href":"https:\/\/www.fuldaernachrichten.de\/index.php?rest_route=%2Fwp%2Fv2%2Ftags&post=129704"}],"curies":[{"name":"wp","href":"https:\/\/api.w.org\/{rel}","templated":true}]}}