{"id":129702,"date":"2014-09-23T07:14:00","date_gmt":"2014-09-23T07:14:00","guid":{"rendered":"http:\/\/www.fuldaer-nachrichten.de\/?p=129702"},"modified":"2014-09-23T07:14:00","modified_gmt":"2014-09-23T07:14:00","slug":"treff-der-reiselustigen-seniorinnen-und-senioren-aus-der-region-fulda","status":"publish","type":"post","link":"https:\/\/www.fuldaernachrichten.de\/?p=129702","title":{"rendered":"Treff der reiselustigen Seniorinnen und Senioren aus der Region Fulda"},"content":{"rendered":"<p><strong>Fulda (cif). <\/strong>Am Donnerstag, 16. Oktober 14, ab 14.00 Uhr findet im Fuldaer Altenpflegeheim St. Josef in der Buseckstra\u00dfe 12-14 wieder ein Reisecaf\u00e9 der Caritas-Seniorenreisen statt. Eingeladen sind aktiv reisende Senioren genauso wie Ehemalige und Interessierte, die bisher noch keine Fahrt bei der Caritas mitgemacht haben. Das Reisecaf\u00e9 dient als unverbindliches Forum der Begegnung und des Gespr\u00e4ches: Hier treffen sich Reisegef\u00e4hrten vergangener Fahrten wieder, und beim Reisecaf\u00e9 kann man Reiserfahrungen und -erlebnisse austauschen.\u00c2\u00a0\u00c2\u00a0<!--more--><\/p>\n<p>Allgemeine Reiseinformationen und erste Hinweise auf das Programm 2015 sind vorgesehen. Kaffee und Kuchen vers\u00fc\u00dfen das gem\u00fctliche Beisammensein. Auch einige der ehrenamtlichen Begleiterinnen der Caritas-Seniorenreisen werden bei der Veranstaltung dabei sein.<\/p>\n<p>Zur Vorbereitung des Reisecaf\u00e9s wird eine kurze telefonische Anmeldung aller Teilnehmer erbeten. Kontakt: Monika Kuhnke, Tel.: 0661\/2428131, per E-Mail: <a href=\"mailto:monika.kuhnke@caritas-fulda.de\">monika.kuhnke@caritas-fulda.de<\/a>.<\/p>\n","protected":false},"excerpt":{"rendered":"<div class=\"tmnf_excerpt\"><p>Fulda (cif). Am Donnerstag, 16. Oktober 14, ab 14.00 Uhr findet im Fuldaer Altenpflegeheim St. Josef in der Buseckstra\u00dfe 12-14 wieder ein Reisecaf\u00e9 der Caritas-Seniorenreisen statt. Eingeladen sind aktiv reisende Senioren genauso wie Ehemalige und Interessierte, die bisher noch keine Fahrt bei der Caritas mitgemacht haben. Das Reisecaf\u00e9 dient als unverbindliches Forum der Begegnung und &hellip;<\/p>\n<\/div>","protected":false},"author":1,"featured_media":0,"comment_status":"closed","ping_status":"closed","sticky":false,"template":"","format":"standard","meta":{"footnotes":""},"categories":[1,52],"tags":[],"class_list":["post-129702","post","type-post","status-publish","format-standard","hentry","category-startseite","category-umwelt"],"_links":{"self":[{"href":"https:\/\/www.fuldaernachrichten.de\/index.php?rest_route=\/wp\/v2\/posts\/129702","targetHints":{"allow":["GET"]}}],"collection":[{"href":"https:\/\/www.fuldaernachrichten.de\/index.php?rest_route=\/wp\/v2\/posts"}],"about":[{"href":"https:\/\/www.fuldaernachrichten.de\/index.php?rest_route=\/wp\/v2\/types\/post"}],"author":[{"embeddable":true,"href":"https:\/\/www.fuldaernachrichten.de\/index.php?rest_route=\/wp\/v2\/users\/1"}],"replies":[{"embeddable":true,"href":"https:\/\/www.fuldaernachrichten.de\/index.php?rest_route=%2Fwp%2Fv2%2Fcomments&post=129702"}],"version-history":[{"count":1,"href":"https:\/\/www.fuldaernachrichten.de\/index.php?rest_route=\/wp\/v2\/posts\/129702\/revisions"}],"predecessor-version":[{"id":129703,"href":"https:\/\/www.fuldaernachrichten.de\/index.php?rest_route=\/wp\/v2\/posts\/129702\/revisions\/129703"}],"wp:attachment":[{"href":"https:\/\/www.fuldaernachrichten.de\/index.php?rest_route=%2Fwp%2Fv2%2Fmedia&parent=129702"}],"wp:term":[{"taxonomy":"category","embeddable":true,"href":"https:\/\/www.fuldaernachrichten.de\/index.php?rest_route=%2Fwp%2Fv2%2Fcategories&post=129702"},{"taxonomy":"post_tag","embeddable":true,"href":"https:\/\/www.fuldaernachrichten.de\/index.php?rest_route=%2Fwp%2Fv2%2Ftags&post=129702"}],"curies":[{"name":"wp","href":"https:\/\/api.w.org\/{rel}","templated":true}]}}