{"id":1297,"date":"2007-02-02T14:14:47","date_gmt":"2007-02-02T13:14:47","guid":{"rendered":"http:\/\/www.schoene-nachrichten.de\/?p=1297"},"modified":"2007-02-02T14:14:47","modified_gmt":"2007-02-02T13:14:47","slug":"experten-beantworten-fragen-zu-chronischen-schmerzen","status":"publish","type":"post","link":"https:\/\/www.fuldaernachrichten.de\/?p=1297","title":{"rendered":"Experten beantworten Fragen zu chronischen Schmerzen"},"content":{"rendered":"<p><strong>Gesundheitstipp.<\/strong> Ob st\u00e4ndige Migr\u00e4neattacken oder immer wieder auftretende R\u00fcckenbeschwerden: Rund 7,5 Millionen Bundesb\u00fcrger leiden an chronischen Schmerzen. Die Beschwerden k\u00f6nnen in vielen F\u00e4llen durch eine Therapie gelindert oder genommen werden. Ob zu Therapie, Ursachen oder dem Umgang mit Schmerzen: Jeden ersten Mittwoch im Monat beantworten Experten unter den Telefonnummern 0800\/0112114 und 0800\/0112115 alle Fragen, die mit chronischen Beschwerden zusammenh\u00e4ngen. Die Schmerz-Hotline ist von 16.00 bis 18.00 Uhr geschaltet. Der Anruf ist kostenlos. (ddp)<\/p>\n<p>\u00c2\u00a0<\/p>\n","protected":false},"excerpt":{"rendered":"<div class=\"tmnf_excerpt\"><p>Gesundheitstipp. Ob st\u00e4ndige Migr\u00e4neattacken oder immer wieder auftretende R\u00fcckenbeschwerden: Rund 7,5 Millionen Bundesb\u00fcrger leiden an chronischen Schmerzen. Die Beschwerden k\u00f6nnen in vielen F\u00e4llen durch eine Therapie gelindert oder genommen werden. Ob zu Therapie, Ursachen oder dem Umgang mit Schmerzen: Jeden ersten Mittwoch im Monat beantworten Experten unter den Telefonnummern 0800\/0112114 und 0800\/0112115 alle Fragen, die &hellip;<\/p>\n<\/div>","protected":false},"author":1,"featured_media":0,"comment_status":"closed","ping_status":"closed","sticky":false,"template":"","format":"standard","meta":{"footnotes":""},"categories":[1],"tags":[],"class_list":["post-1297","post","type-post","status-publish","format-standard","hentry","category-startseite"],"_links":{"self":[{"href":"https:\/\/www.fuldaernachrichten.de\/index.php?rest_route=\/wp\/v2\/posts\/1297","targetHints":{"allow":["GET"]}}],"collection":[{"href":"https:\/\/www.fuldaernachrichten.de\/index.php?rest_route=\/wp\/v2\/posts"}],"about":[{"href":"https:\/\/www.fuldaernachrichten.de\/index.php?rest_route=\/wp\/v2\/types\/post"}],"author":[{"embeddable":true,"href":"https:\/\/www.fuldaernachrichten.de\/index.php?rest_route=\/wp\/v2\/users\/1"}],"replies":[{"embeddable":true,"href":"https:\/\/www.fuldaernachrichten.de\/index.php?rest_route=%2Fwp%2Fv2%2Fcomments&post=1297"}],"version-history":[{"count":0,"href":"https:\/\/www.fuldaernachrichten.de\/index.php?rest_route=\/wp\/v2\/posts\/1297\/revisions"}],"wp:attachment":[{"href":"https:\/\/www.fuldaernachrichten.de\/index.php?rest_route=%2Fwp%2Fv2%2Fmedia&parent=1297"}],"wp:term":[{"taxonomy":"category","embeddable":true,"href":"https:\/\/www.fuldaernachrichten.de\/index.php?rest_route=%2Fwp%2Fv2%2Fcategories&post=1297"},{"taxonomy":"post_tag","embeddable":true,"href":"https:\/\/www.fuldaernachrichten.de\/index.php?rest_route=%2Fwp%2Fv2%2Ftags&post=1297"}],"curies":[{"name":"wp","href":"https:\/\/api.w.org\/{rel}","templated":true}]}}