{"id":129697,"date":"2014-09-23T07:11:13","date_gmt":"2014-09-23T07:11:13","guid":{"rendered":"http:\/\/www.fuldaer-nachrichten.de\/?p=129697"},"modified":"2014-09-23T07:11:56","modified_gmt":"2014-09-23T07:11:56","slug":"alter-und-liebe-fotografische-annaeherung-an-ein-tabuthema","status":"publish","type":"post","link":"https:\/\/www.fuldaernachrichten.de\/?p=129697","title":{"rendered":"\u201eAlter und Liebe\u201c \u2013 Fotografische Ann\u00e4herung an ein Tabuthema"},"content":{"rendered":"<div id=\"attachment_129698\" style=\"width: 275px\" class=\"wp-caption alignleft\"><a href=\"http:\/\/www.fuldaer-nachrichten.de\/wp-content\/uploads\/2014\/09\/Vernissage1.jpg\"><img fetchpriority=\"high\" decoding=\"async\" aria-describedby=\"caption-attachment-129698\" class=\"size-thumbnail wp-image-129698\" src=\"http:\/\/www.fuldaer-nachrichten.de\/wp-content\/uploads\/2014\/09\/Vernissage1-265x235.jpg\" alt=\"Freuen sich, dass die Ausstellung \u201eAlter und Liebe\u201c im Pflegestift Mediana zu sehen ist (v.l.): Pfarrerin Annegret Zander, Fachstelle Zweite Lebensh\u00e4lfte im Referat Erwachsenenbildung der Evangelischen Kirche Kurhessen-Waldeck, Sara Kautzsch, Dipl.-Pflegewirtin und Ausstellungsorganisatorin im Pflegestift sowie Pflegestiftleiter Jens Czapek.\" width=\"265\" height=\"235\" srcset=\"https:\/\/www.fuldaernachrichten.de\/wp-content\/uploads\/2014\/09\/Vernissage1-265x235.jpg 265w, https:\/\/www.fuldaernachrichten.de\/wp-content\/uploads\/2014\/09\/Vernissage1.jpg 600w\" sizes=\"(max-width: 265px) 100vw, 265px\" \/><\/a><p id=\"caption-attachment-129698\" class=\"wp-caption-text\">Freuen sich, dass die Ausstellung \u201eAlter und Liebe\u201c im Pflegestift Mediana zu sehen ist (v.l.): Pfarrerin Annegret Zander, Fachstelle Zweite Lebensh\u00e4lfte im Referat Erwachsenenbildung der Evangelischen Kirche Kurhessen-Waldeck, Sara Kautzsch, Dipl.-Pflegewirtin und Ausstellungsorganisatorin im Pflegestift sowie Pflegestiftleiter Jens Czapek.<\/p><\/div>\n<p>Fulda. Liebe, Z\u00e4rtlichkeit und Sexualit\u00e4t im h\u00f6heren Alter \u2013 dieses Thema ist vermutlich eines der letzten Tabus in unserer modernen, aufgekl\u00e4rten Gesellschaft. Wie man sich ihm behutsam und mit viel Einf\u00fchlungsverm\u00f6gen n\u00e4hern kann, ohne in Sensationslust abzugleiten, stellt eine Ausstellung unter Beweis, die derzeit im Pflegestift Mediana in Fulda zu sehen ist.<!--more--><\/p>\n<p>Elf Paare werden in der Ausstellung unter dem Titel \u201eAlter und Liebe\u201c portr\u00e4tiert \u2013 in intimen, gef\u00fchlvollen Momenten, die die Tiefe und Innigkeit ihrer Beziehung widerspiegeln. Der Fotograf Winfried Eberhardt hat diese Augenblicke mit seiner Kamera eingefangen. Auf Schwarz-Wei\u00df-Fotografien erlebt der Betrachter die Senioren, ob bei Umarmungen am Rand eines Schwimmbeckens, beim vertrauten Nebeneinander auf der Couch oder bei Liebkosungen \u2013 sitzend auf dem Bett.<\/p>\n<p>Texttafeln begleiten die Fotoaufnahmen. Sie komplettieren die Eindr\u00fccke, die der Ausstellungsbesucher von den Paaren gewinnt mit Antworten der Paare auf Fragen wie \u201eWas bedeutet Liebe f\u00fcr Sie?\u201c, aber auch \u201eWie unterscheidet sich die k\u00f6rperliche und emotionale Liebe im Alter von der Liebe in j\u00fcngeren Jahren\u201c oder \u201eWas w\u00fcrde der Tod Ihres Partners f\u00fcr Ihre Lebensumst\u00e4nde bedeuten?\u201c<\/p>\n<p>\u201eSo viel geballte Z\u00e4rtlichkeit kann \u00fcberw\u00e4ltigen\u201c, sagte Pfarrerin Annegret Zander anl\u00e4sslich der Vernissage. Die Referentin der Fachstelle Zweite Lebensh\u00e4lfte im Referat Erwachsenenbildung der Evangelischen Kirche Kurhessen-Waldeck begleitet die Ausstellung, die als Wanderausstellung bereits 2010 konzipiert wurde, bereits von Anfang an. Im Landeskirchenamt in Kassel h\u00e4tten die Fotografien \u201ef\u00fcr einigen Aufruhr\u201c gesorgt: Ungeahnt viele Menschen wollten sie mit eigenen Augen sehen. Die kleinen \u201eFoto-Love-Storys\u201c, wie sie in ihrer Er\u00f6ffnungsrede sagte, \u201espielten mit dem Tabu\u201c. Jedoch \u201estellen sie den Betrachter nicht vor vollendete Tatsachen\u201c. Sie ber\u00fchren den Betrachter zwar, ber\u00fchren ihn jedoch nicht peinlich.<\/p>\n<p>Jens Czapek, Leiter des Mediana Pflegestifts, freute sich ganz besonders, diese Ausstellung im Foyer seiner Einrichtung der \u00d6ffentlichkeit pr\u00e4sentieren zu k\u00f6nnen: \u201eAlltagsnormalit\u00e4t \u2013 das ist das, woran sich all unser Tun in den Hausgemeinschaften ausrichtet. Wir bem\u00fchen uns t\u00e4glich, m\u00f6glichst sensibel zu sein und den Menschen, die bei uns leben, eine vertraute Umgebung zu schaffen\u201c, sagte Czapek. \u201eDoch wie sieht es eigentlich bei diesen intimen Themen aus?\u201c, reflektierte er selbstkritisch, \u201esind wir auch sensibel genug, was Beziehungen angeht?\u201c Der Stiftsleiter w\u00fcnschte sich, dass die Ausstellung zum Verweilen einl\u00e4dt und Diskussionen ausl\u00f6sen m\u00f6ge \u2013 unter Mitarbeitern und Bewohnern, aber auch unter den Besuchern.<\/p>\n<p>Die musikalische Gestaltung der Vernissage lag in den H\u00e4nden von Lea Widmer, Alexander Klinke und Klaus Schenk von der Musikschule Fulda, die mit Marimba- und Caj\u00c3\u00b3n-Musik die G\u00e4ste begeisterten.<\/p>\n<p>Info: Die Ausstellung ist bis 23. Oktober t\u00e4glich von 9 bis 18 Uhr im Pflegestift Mediana, Rangstra\u00dfe 33\/Martin-Luther-Platz zu sehen. Der Eintritt ist frei.<\/p>\n<p>&nbsp;<\/p>\n","protected":false},"excerpt":{"rendered":"<div class=\"tmnf_excerpt\"><p>Fulda. Liebe, Z\u00e4rtlichkeit und Sexualit\u00e4t im h\u00f6heren Alter \u2013 dieses Thema ist vermutlich eines der letzten Tabus in unserer modernen, aufgekl\u00e4rten Gesellschaft. Wie man sich ihm behutsam und mit viel Einf\u00fchlungsverm\u00f6gen n\u00e4hern kann, ohne in Sensationslust abzugleiten, stellt eine Ausstellung unter Beweis, die derzeit im Pflegestift Mediana in Fulda zu sehen ist.<\/p>\n<\/div>","protected":false},"author":1,"featured_media":0,"comment_status":"closed","ping_status":"closed","sticky":false,"template":"","format":"standard","meta":{"footnotes":""},"categories":[1,51],"tags":[],"class_list":["post-129697","post","type-post","status-publish","format-standard","hentry","category-startseite","category-medizin"],"_links":{"self":[{"href":"https:\/\/www.fuldaernachrichten.de\/index.php?rest_route=\/wp\/v2\/posts\/129697","targetHints":{"allow":["GET"]}}],"collection":[{"href":"https:\/\/www.fuldaernachrichten.de\/index.php?rest_route=\/wp\/v2\/posts"}],"about":[{"href":"https:\/\/www.fuldaernachrichten.de\/index.php?rest_route=\/wp\/v2\/types\/post"}],"author":[{"embeddable":true,"href":"https:\/\/www.fuldaernachrichten.de\/index.php?rest_route=\/wp\/v2\/users\/1"}],"replies":[{"embeddable":true,"href":"https:\/\/www.fuldaernachrichten.de\/index.php?rest_route=%2Fwp%2Fv2%2Fcomments&post=129697"}],"version-history":[{"count":1,"href":"https:\/\/www.fuldaernachrichten.de\/index.php?rest_route=\/wp\/v2\/posts\/129697\/revisions"}],"predecessor-version":[{"id":129699,"href":"https:\/\/www.fuldaernachrichten.de\/index.php?rest_route=\/wp\/v2\/posts\/129697\/revisions\/129699"}],"wp:attachment":[{"href":"https:\/\/www.fuldaernachrichten.de\/index.php?rest_route=%2Fwp%2Fv2%2Fmedia&parent=129697"}],"wp:term":[{"taxonomy":"category","embeddable":true,"href":"https:\/\/www.fuldaernachrichten.de\/index.php?rest_route=%2Fwp%2Fv2%2Fcategories&post=129697"},{"taxonomy":"post_tag","embeddable":true,"href":"https:\/\/www.fuldaernachrichten.de\/index.php?rest_route=%2Fwp%2Fv2%2Ftags&post=129697"}],"curies":[{"name":"wp","href":"https:\/\/api.w.org\/{rel}","templated":true}]}}