{"id":129694,"date":"2014-09-23T07:05:59","date_gmt":"2014-09-23T07:05:59","guid":{"rendered":"http:\/\/www.fuldaer-nachrichten.de\/?p=129694"},"modified":"2014-09-23T07:05:59","modified_gmt":"2014-09-23T07:05:59","slug":"bewegungsparcours-in-der-fulda-aue","status":"publish","type":"post","link":"https:\/\/www.fuldaernachrichten.de\/?p=129694","title":{"rendered":"Bewegungsparcours in der Fulda Aue"},"content":{"rendered":"<p><a href=\"http:\/\/www.fuldaer-nachrichten.de\/wp-content\/uploads\/2014\/09\/Duplex_Schultertrainer.jpg\"><img fetchpriority=\"high\" decoding=\"async\" class=\"alignleft size-thumbnail wp-image-129695\" src=\"http:\/\/www.fuldaer-nachrichten.de\/wp-content\/uploads\/2014\/09\/Duplex_Schultertrainer-265x191.jpg\" alt=\"Duplex_Schultertrainer\" width=\"265\" height=\"191\" srcset=\"https:\/\/www.fuldaernachrichten.de\/wp-content\/uploads\/2014\/09\/Duplex_Schultertrainer-265x191.jpg 265w, https:\/\/www.fuldaernachrichten.de\/wp-content\/uploads\/2014\/09\/Duplex_Schultertrainer.jpg 600w\" sizes=\"(max-width: 265px) 100vw, 265px\" \/><\/a>Fulda (mal). Neben dem Barfu\u00dfpfad und Kneippbecken steht jetzt ein weiterer Anlaufpunkt f\u00fcr aktiven Menschen in der Fulda Aue f\u00fcr die pers\u00f6nliche Fitness zur Verf\u00fcgung. Die Stadt Fulda hat ein Bewegungsparcours, bestehend aus sieben Ger\u00e4ten, angelegt.<!--more--><\/p>\n<p>Aufgrund von Erfahrungen anderer St\u00e4dte und nach Anregungen der CDU-Fraktion, die einen Antrag zum Haushalt des Jahres 2013 eingebracht hatte, stimmte der Magistrat der Stadt Fulda der Errichtung des Bewegungsparcours zu. Die Investitionen belaufen sich auf 38000 Euro. Die Fuldaer Firma Fillauer wurde den Auftrag, die Anlage aufzubauen, erteilt. Die Ger\u00e4te stammen von der Firma Playfit.<\/p>\n<p>Die sieben Ger\u00e4te sollen die Beweglichkeit, der Ausdauer und die Koordination f\u00f6rdern. Der Parcours besteht aus einem Armfahrrad, einem Schultertrainer, einem Beintrainer, einem R\u00fcckentrainer sowie einem Ganzk\u00f6rpertrainer. Au\u00dferdem stehen ein Beweglichkeitstrainer und ein R\u00fcckenmassageger\u00e4t zu Verf\u00fcgung. Fitness f\u00fcr den ganzen K\u00f6rprer ist garantiert.<\/p>\n<p>Die Ger\u00e4te sollen sicher gegen Vandalismus sein. Sie k\u00f6nnen von Menschen ab 14 Jahre genutzt werden. Einige Stationen k\u00f6nnen zu zweit absolviert werden. Au\u00dferdem sind zwei Ger\u00e4te f\u00fcr Rollstuhlfahrer geeignet.<\/p>\n<p>\u201eDieser Dreiklang mit dem Bewegungsparcours, dem Barfu\u00dfpfad und dem Kneipbecken bietet verschiedenen M\u00f6glichkeiten, sich k\u00f6rperlich fit zu halten und dabei die Natur zu erleben\u201c, sagte Oberb\u00fcrgermeister M\u00f6ller bei der offiziellen \u00dcbergabe. Er betonte die Wichtigkeit eines solchen Projektes angesichts des demographischen Wandels.<\/p>\n<p>Der Oberb\u00fcrgermeister lie\u00df sich nicht nehmen, die Ger\u00e4te pers\u00f6nlich zu testen: \u201eSie sind einfach zu bedienen. Der Effekt ist sofort sp\u00fcrbar\u201c, so sein Fazit. \u201eAllerdings ist es nichts f\u00fcr Anzugstr\u00e4ger\u201c, scherzte M\u00f6ller. Er dankte den Beteiligten f\u00fcr die gute Zusammenarbeit, unter anderem dem Seniorenbeirat und dem Behindertenbeirat, die bei der Planung und Auswahl der Ger\u00e4te mitgewirkt haben.<\/p>\n<p>Eine Erweiterung mit Ger\u00e4te speziell f\u00fcr die Bed\u00fcrfnisse von Senioren ist vorgesehen. Ab dem 21. Mai 2015 wird das Seniorenb\u00fcro der Stadt Fulda einen w\u00f6chentlichen Kurs jeden Donnerstag um 10 Uhr, unter der Leitung von Monika Littmann, anbieten.<\/p>\n","protected":false},"excerpt":{"rendered":"<div class=\"tmnf_excerpt\"><p>Fulda (mal). Neben dem Barfu\u00dfpfad und Kneippbecken steht jetzt ein weiterer Anlaufpunkt f\u00fcr aktiven Menschen in der Fulda Aue f\u00fcr die pers\u00f6nliche Fitness zur Verf\u00fcgung. Die Stadt Fulda hat ein Bewegungsparcours, bestehend aus sieben Ger\u00e4ten, angelegt.<\/p>\n<\/div>","protected":false},"author":1,"featured_media":0,"comment_status":"closed","ping_status":"closed","sticky":false,"template":"","format":"standard","meta":{"footnotes":""},"categories":[1,46],"tags":[],"class_list":["post-129694","post","type-post","status-publish","format-standard","hentry","category-startseite","category-sport"],"_links":{"self":[{"href":"https:\/\/www.fuldaernachrichten.de\/index.php?rest_route=\/wp\/v2\/posts\/129694","targetHints":{"allow":["GET"]}}],"collection":[{"href":"https:\/\/www.fuldaernachrichten.de\/index.php?rest_route=\/wp\/v2\/posts"}],"about":[{"href":"https:\/\/www.fuldaernachrichten.de\/index.php?rest_route=\/wp\/v2\/types\/post"}],"author":[{"embeddable":true,"href":"https:\/\/www.fuldaernachrichten.de\/index.php?rest_route=\/wp\/v2\/users\/1"}],"replies":[{"embeddable":true,"href":"https:\/\/www.fuldaernachrichten.de\/index.php?rest_route=%2Fwp%2Fv2%2Fcomments&post=129694"}],"version-history":[{"count":1,"href":"https:\/\/www.fuldaernachrichten.de\/index.php?rest_route=\/wp\/v2\/posts\/129694\/revisions"}],"predecessor-version":[{"id":129696,"href":"https:\/\/www.fuldaernachrichten.de\/index.php?rest_route=\/wp\/v2\/posts\/129694\/revisions\/129696"}],"wp:attachment":[{"href":"https:\/\/www.fuldaernachrichten.de\/index.php?rest_route=%2Fwp%2Fv2%2Fmedia&parent=129694"}],"wp:term":[{"taxonomy":"category","embeddable":true,"href":"https:\/\/www.fuldaernachrichten.de\/index.php?rest_route=%2Fwp%2Fv2%2Fcategories&post=129694"},{"taxonomy":"post_tag","embeddable":true,"href":"https:\/\/www.fuldaernachrichten.de\/index.php?rest_route=%2Fwp%2Fv2%2Ftags&post=129694"}],"curies":[{"name":"wp","href":"https:\/\/api.w.org\/{rel}","templated":true}]}}